{"id":2847,"date":"2022-03-29T11:24:42","date_gmt":"2022-03-29T09:24:42","guid":{"rendered":"https:\/\/mikolow.eu\/odpady\/?p=2847"},"modified":"2022-03-29T11:34:52","modified_gmt":"2022-03-29T09:34:52","slug":"czesci-samochodowe-to-nie-odpady-komunalne","status":"publish","type":"post","link":"https:\/\/mikolow.eu\/odpady\/czesci-samochodowe-to-nie-odpady-komunalne\/","title":{"rendered":"Cz\u0119\u015bci samochodowe- to nie odpady komunalne !"},"content":{"rendered":"\n<p><strong>Z<\/strong><strong>u\u017cyte cz\u0119\u015bci aut nie stanowi\u0105 odpadu komunalnego i nie s\u0105 odbierane od mieszka\u0144c\u00f3w w ramach funkcjonuj\u0105cego gminnego systemu gospodarowania odpadami. <\/strong>Takie cz\u0119\u015bci powinny zosta\u0107 dostarczone przez mieszka\u0144ca do stacji demonta\u017cu pojazd\u00f3w.<\/p>\n\n\n\n<p>Zasady post\u0119powania z pojazdami wycofanymi z u\u017cytku oraz cz\u0119\u015bciami samochodowymi okre\u015blone zosta\u0142y w ustawie z dnia 20 stycznia 2005 r. o recyklingu pojazd\u00f3w wycofanych z eksploatacji (t.j. Dz.U. z 2020 r. poz. 2056).<\/p>\n\n\n\n<p>Zgodnie z art. 23a ustawy przedsi\u0119biorca prowadz\u0105cy stacj\u0119 demonta\u017cu pojazd\u00f3w zobowi\u0105zany jest do przyj\u0119cia b\u0119d\u0105cych odpadami cz\u0119\u015bci samochod\u00f3w osobowych usuni\u0119tych w trakcie ich naprawy. Przedsi\u0119biorca za przyj\u0119cie takich odpad\u00f3w mo\u017ce pobra\u0107 op\u0142at\u0119.<\/p>\n\n\n\n<p><strong>PAMI\u0118TAJ<\/strong><\/p>\n\n\n\n<ul class=\"wp-block-list\"><li>odbieraj\u0105c samoch\u00f3d z naprawy, pozostaw zu\u017cyte cz\u0119\u015bci samochodowe &#8211; zak\u0142ady mechaniki pojazdowej maj\u0105 zawarte umowy na odbi\u00f3r tego typu odpad\u00f3w,<\/li><li>cz\u0119\u015bci samochodowe takie jak zderzaki, szyby, folie samochodowe itp. nie wrzucaj do pojemnik\u00f3w na odpady komunalne, ani nie wyrzucaj do lasu,<\/li><li>zu\u017cyte cz\u0119\u015bci samochodowe wytworzone we w\u0142asnym zakresie w wyniku samodzielnych napraw bezwzgl\u0119dnie nale\u017cy odda\u0107 do stacji demonta\u017cu pojazd\u00f3w.<\/li><\/ul>\n\n\n\n<p>\u00a0Na stronie Urz\u0119du Marsza\u0142kowskiego w Katowicach dost\u0119pny jest wykaz stacji demonta\u017cu pojazd\u00f3w.<\/p>\n\n\n\n<figure class=\"wp-block-embed\"><div class=\"wp-block-embed__wrapper\">\nhttps:\/\/bip.slaskie.pl\/dzialalnosc_urzedu\/srodowisko\/wykaz-przedsiebiorcow-prowadzacych-stacje-demontazu-pojazdow.html\n<\/div><\/figure>\n\n\n\n<p><\/p>\n","protected":false},"excerpt":{"rendered":"<p>Zu\u017cyte cz\u0119\u015bci aut nie stanowi\u0105 odpadu komunalnego i nie s\u0105 odbierane od mieszka\u0144c\u00f3w w ramach funkcjonuj\u0105cego gminnego systemu gospodarowania odpadami. Takie cz\u0119\u015bci powinny zosta\u0107 dostarczone przez mieszka\u0144ca do stacji demonta\u017cu pojazd\u00f3w. Zasady post\u0119powania z pojazdami wycofanymi z u\u017cytku oraz cz\u0119\u015bciami samochodowymi okre\u015blone zosta\u0142y w ustawie z dnia 20 stycznia 2005 r. o recyklingu pojazd\u00f3w wycofanych<\/p>\n","protected":false},"author":42,"featured_media":2852,"comment_status":"closed","ping_status":"closed","sticky":false,"template":"","format":"standard","meta":{"_acf_changed":false,"footnotes":""},"categories":[27],"tags":[],"class_list":["post-2847","post","type-post","status-publish","format-standard","has-post-thumbnail","hentry","category-odbiory"],"acf":[],"yoast_head":"<!-- This site is optimized with the Yoast SEO plugin v27.5 - https:\/\/yoast.com\/product\/yoast-seo-wordpress\/ -->\n<title>Cz\u0119\u015bci samochodowe- to nie odpady komunalne ! - odpady<\/title>\n<meta name=\"robots\" content=\"index, follow, max-snippet:-1, max-image-preview:large, max-video-preview:-1\" \/>\n<link rel=\"canonical\" href=\"https:\/\/mikolow.eu\/odpady\/czesci-samochodowe-to-nie-odpady-komunalne\/\" \/>\n<meta property=\"og:locale\" content=\"pl_PL\" \/>\n<meta property=\"og:type\" content=\"article\" \/>\n<meta property=\"og:title\" content=\"Cz\u0119\u015bci samochodowe- to nie odpady komunalne ! - odpady\" \/>\n<meta property=\"og:description\" content=\"Zu\u017cyte cz\u0119\u015bci aut nie stanowi\u0105 odpadu komunalnego i nie s\u0105 odbierane od mieszka\u0144c\u00f3w w ramach funkcjonuj\u0105cego gminnego systemu gospodarowania odpadami. Takie cz\u0119\u015bci powinny zosta\u0107 dostarczone przez mieszka\u0144ca do stacji demonta\u017cu pojazd\u00f3w. Zasady post\u0119powania z pojazdami wycofanymi z u\u017cytku oraz cz\u0119\u015bciami samochodowymi okre\u015blone zosta\u0142y w ustawie z dnia 20 stycznia 2005 r. o recyklingu pojazd\u00f3w wycofanych\" \/>\n<meta property=\"og:url\" content=\"https:\/\/mikolow.eu\/odpady\/czesci-samochodowe-to-nie-odpady-komunalne\/\" \/>\n<meta property=\"og:site_name\" content=\"odpady\" \/>\n<meta property=\"article:published_time\" content=\"2022-03-29T09:24:42+00:00\" \/>\n<meta property=\"article:modified_time\" content=\"2022-03-29T09:34:52+00:00\" \/>\n<meta property=\"og:image\" content=\"https:\/\/mikolow.eu\/odpady\/wp-content\/uploads\/sites\/13\/2022\/03\/276174432_5611798312181942_8927214758585623401_n.jpg\" \/>\n\t<meta property=\"og:image:width\" content=\"296\" \/>\n\t<meta property=\"og:image:height\" content=\"592\" \/>\n\t<meta property=\"og:image:type\" content=\"image\/jpeg\" \/>\n<meta name=\"author\" content=\"kkurczyk\" \/>\n<meta name=\"twitter:card\" content=\"summary_large_image\" \/>\n<meta name=\"twitter:label1\" content=\"Napisane przez\" \/>\n\t<meta name=\"twitter:data1\" content=\"kkurczyk\" \/>\n\t<meta name=\"twitter:label2\" content=\"Szacowany czas czytania\" \/>\n\t<meta name=\"twitter:data2\" content=\"1 minuta\" \/>\n<script type=\"application\/ld+json\" class=\"yoast-schema-graph\">{\"@context\":\"https:\\\/\\\/schema.org\",\"@graph\":[{\"@type\":\"Article\",\"@id\":\"https:\\\/\\\/mikolow.eu\\\/odpady\\\/czesci-samochodowe-to-nie-odpady-komunalne\\\/#article\",\"isPartOf\":{\"@id\":\"https:\\\/\\\/mikolow.eu\\\/odpady\\\/czesci-samochodowe-to-nie-odpady-komunalne\\\/\"},\"author\":{\"name\":\"kkurczyk\",\"@id\":\"https:\\\/\\\/mikolow.eu\\\/odpady\\\/#\\\/schema\\\/person\\\/b19fc7f155edd407d4ef864f9e385294\"},\"headline\":\"Cz\u0119\u015bci samochodowe- to nie odpady komunalne !\",\"datePublished\":\"2022-03-29T09:24:42+00:00\",\"dateModified\":\"2022-03-29T09:34:52+00:00\",\"mainEntityOfPage\":{\"@id\":\"https:\\\/\\\/mikolow.eu\\\/odpady\\\/czesci-samochodowe-to-nie-odpady-komunalne\\\/\"},\"wordCount\":236,\"publisher\":{\"@id\":\"https:\\\/\\\/mikolow.eu\\\/odpady\\\/#organization\"},\"image\":{\"@id\":\"https:\\\/\\\/mikolow.eu\\\/odpady\\\/czesci-samochodowe-to-nie-odpady-komunalne\\\/#primaryimage\"},\"thumbnailUrl\":\"https:\\\/\\\/mikolow.eu\\\/odpady\\\/wp-content\\\/uploads\\\/sites\\\/13\\\/2022\\\/03\\\/276174432_5611798312181942_8927214758585623401_n.jpg\",\"articleSection\":[\"Odbi\u00f3r odpad\u00f3w\"],\"inLanguage\":\"pl-PL\"},{\"@type\":\"WebPage\",\"@id\":\"https:\\\/\\\/mikolow.eu\\\/odpady\\\/czesci-samochodowe-to-nie-odpady-komunalne\\\/\",\"url\":\"https:\\\/\\\/mikolow.eu\\\/odpady\\\/czesci-samochodowe-to-nie-odpady-komunalne\\\/\",\"name\":\"Cz\u0119\u015bci samochodowe- to nie odpady komunalne ! - odpady\",\"isPartOf\":{\"@id\":\"https:\\\/\\\/mikolow.eu\\\/odpady\\\/#website\"},\"primaryImageOfPage\":{\"@id\":\"https:\\\/\\\/mikolow.eu\\\/odpady\\\/czesci-samochodowe-to-nie-odpady-komunalne\\\/#primaryimage\"},\"image\":{\"@id\":\"https:\\\/\\\/mikolow.eu\\\/odpady\\\/czesci-samochodowe-to-nie-odpady-komunalne\\\/#primaryimage\"},\"thumbnailUrl\":\"https:\\\/\\\/mikolow.eu\\\/odpady\\\/wp-content\\\/uploads\\\/sites\\\/13\\\/2022\\\/03\\\/276174432_5611798312181942_8927214758585623401_n.jpg\",\"datePublished\":\"2022-03-29T09:24:42+00:00\",\"dateModified\":\"2022-03-29T09:34:52+00:00\",\"breadcrumb\":{\"@id\":\"https:\\\/\\\/mikolow.eu\\\/odpady\\\/czesci-samochodowe-to-nie-odpady-komunalne\\\/#breadcrumb\"},\"inLanguage\":\"pl-PL\",\"potentialAction\":[{\"@type\":\"ReadAction\",\"target\":[\"https:\\\/\\\/mikolow.eu\\\/odpady\\\/czesci-samochodowe-to-nie-odpady-komunalne\\\/\"]}]},{\"@type\":\"ImageObject\",\"inLanguage\":\"pl-PL\",\"@id\":\"https:\\\/\\\/mikolow.eu\\\/odpady\\\/czesci-samochodowe-to-nie-odpady-komunalne\\\/#primaryimage\",\"url\":\"https:\\\/\\\/mikolow.eu\\\/odpady\\\/wp-content\\\/uploads\\\/sites\\\/13\\\/2022\\\/03\\\/276174432_5611798312181942_8927214758585623401_n.jpg\",\"contentUrl\":\"https:\\\/\\\/mikolow.eu\\\/odpady\\\/wp-content\\\/uploads\\\/sites\\\/13\\\/2022\\\/03\\\/276174432_5611798312181942_8927214758585623401_n.jpg\",\"width\":296,\"height\":592},{\"@type\":\"BreadcrumbList\",\"@id\":\"https:\\\/\\\/mikolow.eu\\\/odpady\\\/czesci-samochodowe-to-nie-odpady-komunalne\\\/#breadcrumb\",\"itemListElement\":[{\"@type\":\"ListItem\",\"position\":1,\"name\":\"Strona g\u0142\u00f3wna\",\"item\":\"https:\\\/\\\/mikolow.eu\\\/odpady\\\/\"},{\"@type\":\"ListItem\",\"position\":2,\"name\":\"Cz\u0119\u015bci samochodowe- to nie odpady komunalne !\"}]},{\"@type\":\"WebSite\",\"@id\":\"https:\\\/\\\/mikolow.eu\\\/odpady\\\/#website\",\"url\":\"https:\\\/\\\/mikolow.eu\\\/odpady\\\/\",\"name\":\"odpady\",\"description\":\"odpady\",\"publisher\":{\"@id\":\"https:\\\/\\\/mikolow.eu\\\/odpady\\\/#organization\"},\"potentialAction\":[{\"@type\":\"SearchAction\",\"target\":{\"@type\":\"EntryPoint\",\"urlTemplate\":\"https:\\\/\\\/mikolow.eu\\\/odpady\\\/?s={search_term_string}\"},\"query-input\":{\"@type\":\"PropertyValueSpecification\",\"valueRequired\":true,\"valueName\":\"search_term_string\"}}],\"inLanguage\":\"pl-PL\"},{\"@type\":\"Organization\",\"@id\":\"https:\\\/\\\/mikolow.eu\\\/odpady\\\/#organization\",\"name\":\"odpady\",\"url\":\"https:\\\/\\\/mikolow.eu\\\/odpady\\\/\",\"logo\":{\"@type\":\"ImageObject\",\"inLanguage\":\"pl-PL\",\"@id\":\"https:\\\/\\\/mikolow.eu\\\/odpady\\\/#\\\/schema\\\/logo\\\/image\\\/\",\"url\":\"https:\\\/\\\/mikolow.eu\\\/odpady\\\/wp-content\\\/uploads\\\/sites\\\/13\\\/2020\\\/04\\\/cropped-logo_v16-1.png\",\"contentUrl\":\"https:\\\/\\\/mikolow.eu\\\/odpady\\\/wp-content\\\/uploads\\\/sites\\\/13\\\/2020\\\/04\\\/cropped-logo_v16-1.png\",\"width\":1013,\"height\":250,\"caption\":\"odpady\"},\"image\":{\"@id\":\"https:\\\/\\\/mikolow.eu\\\/odpady\\\/#\\\/schema\\\/logo\\\/image\\\/\"}},{\"@type\":\"Person\",\"@id\":\"https:\\\/\\\/mikolow.eu\\\/odpady\\\/#\\\/schema\\\/person\\\/b19fc7f155edd407d4ef864f9e385294\",\"name\":\"kkurczyk\",\"image\":{\"@type\":\"ImageObject\",\"inLanguage\":\"pl-PL\",\"@id\":\"https:\\\/\\\/secure.gravatar.com\\\/avatar\\\/0bb7a67fa09db5baa2fd64f4fa14c90f89e9b1da3012ecfc21f41683c6342993?s=96&d=mm&r=g\",\"url\":\"https:\\\/\\\/secure.gravatar.com\\\/avatar\\\/0bb7a67fa09db5baa2fd64f4fa14c90f89e9b1da3012ecfc21f41683c6342993?s=96&d=mm&r=g\",\"contentUrl\":\"https:\\\/\\\/secure.gravatar.com\\\/avatar\\\/0bb7a67fa09db5baa2fd64f4fa14c90f89e9b1da3012ecfc21f41683c6342993?s=96&d=mm&r=g\",\"caption\":\"kkurczyk\"},\"url\":\"https:\\\/\\\/mikolow.eu\\\/odpady\\\/author\\\/katarzynakurczyk\\\/\"}]}<\/script>\n<!-- \/ Yoast SEO plugin. -->","yoast_head_json":{"title":"Cz\u0119\u015bci samochodowe- to nie odpady komunalne ! - odpady","robots":{"index":"index","follow":"follow","max-snippet":"max-snippet:-1","max-image-preview":"max-image-preview:large","max-video-preview":"max-video-preview:-1"},"canonical":"https:\/\/mikolow.eu\/odpady\/czesci-samochodowe-to-nie-odpady-komunalne\/","og_locale":"pl_PL","og_type":"article","og_title":"Cz\u0119\u015bci samochodowe- to nie odpady komunalne ! - odpady","og_description":"Zu\u017cyte cz\u0119\u015bci aut nie stanowi\u0105 odpadu komunalnego i nie s\u0105 odbierane od mieszka\u0144c\u00f3w w ramach funkcjonuj\u0105cego gminnego systemu gospodarowania odpadami. Takie cz\u0119\u015bci powinny zosta\u0107 dostarczone przez mieszka\u0144ca do stacji demonta\u017cu pojazd\u00f3w. Zasady post\u0119powania z pojazdami wycofanymi z u\u017cytku oraz cz\u0119\u015bciami samochodowymi okre\u015blone zosta\u0142y w ustawie z dnia 20 stycznia 2005 r. o recyklingu pojazd\u00f3w wycofanych","og_url":"https:\/\/mikolow.eu\/odpady\/czesci-samochodowe-to-nie-odpady-komunalne\/","og_site_name":"odpady","article_published_time":"2022-03-29T09:24:42+00:00","article_modified_time":"2022-03-29T09:34:52+00:00","og_image":[{"width":296,"height":592,"url":"https:\/\/mikolow.eu\/odpady\/wp-content\/uploads\/sites\/13\/2022\/03\/276174432_5611798312181942_8927214758585623401_n.jpg","type":"image\/jpeg"}],"author":"kkurczyk","twitter_card":"summary_large_image","twitter_misc":{"Napisane przez":"kkurczyk","Szacowany czas czytania":"1 minuta"},"schema":{"@context":"https:\/\/schema.org","@graph":[{"@type":"Article","@id":"https:\/\/mikolow.eu\/odpady\/czesci-samochodowe-to-nie-odpady-komunalne\/#article","isPartOf":{"@id":"https:\/\/mikolow.eu\/odpady\/czesci-samochodowe-to-nie-odpady-komunalne\/"},"author":{"name":"kkurczyk","@id":"https:\/\/mikolow.eu\/odpady\/#\/schema\/person\/b19fc7f155edd407d4ef864f9e385294"},"headline":"Cz\u0119\u015bci samochodowe- to nie odpady komunalne !","datePublished":"2022-03-29T09:24:42+00:00","dateModified":"2022-03-29T09:34:52+00:00","mainEntityOfPage":{"@id":"https:\/\/mikolow.eu\/odpady\/czesci-samochodowe-to-nie-odpady-komunalne\/"},"wordCount":236,"publisher":{"@id":"https:\/\/mikolow.eu\/odpady\/#organization"},"image":{"@id":"https:\/\/mikolow.eu\/odpady\/czesci-samochodowe-to-nie-odpady-komunalne\/#primaryimage"},"thumbnailUrl":"https:\/\/mikolow.eu\/odpady\/wp-content\/uploads\/sites\/13\/2022\/03\/276174432_5611798312181942_8927214758585623401_n.jpg","articleSection":["Odbi\u00f3r odpad\u00f3w"],"inLanguage":"pl-PL"},{"@type":"WebPage","@id":"https:\/\/mikolow.eu\/odpady\/czesci-samochodowe-to-nie-odpady-komunalne\/","url":"https:\/\/mikolow.eu\/odpady\/czesci-samochodowe-to-nie-odpady-komunalne\/","name":"Cz\u0119\u015bci samochodowe- to nie odpady komunalne ! - odpady","isPartOf":{"@id":"https:\/\/mikolow.eu\/odpady\/#website"},"primaryImageOfPage":{"@id":"https:\/\/mikolow.eu\/odpady\/czesci-samochodowe-to-nie-odpady-komunalne\/#primaryimage"},"image":{"@id":"https:\/\/mikolow.eu\/odpady\/czesci-samochodowe-to-nie-odpady-komunalne\/#primaryimage"},"thumbnailUrl":"https:\/\/mikolow.eu\/odpady\/wp-content\/uploads\/sites\/13\/2022\/03\/276174432_5611798312181942_8927214758585623401_n.jpg","datePublished":"2022-03-29T09:24:42+00:00","dateModified":"2022-03-29T09:34:52+00:00","breadcrumb":{"@id":"https:\/\/mikolow.eu\/odpady\/czesci-samochodowe-to-nie-odpady-komunalne\/#breadcrumb"},"inLanguage":"pl-PL","potentialAction":[{"@type":"ReadAction","target":["https:\/\/mikolow.eu\/odpady\/czesci-samochodowe-to-nie-odpady-komunalne\/"]}]},{"@type":"ImageObject","inLanguage":"pl-PL","@id":"https:\/\/mikolow.eu\/odpady\/czesci-samochodowe-to-nie-odpady-komunalne\/#primaryimage","url":"https:\/\/mikolow.eu\/odpady\/wp-content\/uploads\/sites\/13\/2022\/03\/276174432_5611798312181942_8927214758585623401_n.jpg","contentUrl":"https:\/\/mikolow.eu\/odpady\/wp-content\/uploads\/sites\/13\/2022\/03\/276174432_5611798312181942_8927214758585623401_n.jpg","width":296,"height":592},{"@type":"BreadcrumbList","@id":"https:\/\/mikolow.eu\/odpady\/czesci-samochodowe-to-nie-odpady-komunalne\/#breadcrumb","itemListElement":[{"@type":"ListItem","position":1,"name":"Strona g\u0142\u00f3wna","item":"https:\/\/mikolow.eu\/odpady\/"},{"@type":"ListItem","position":2,"name":"Cz\u0119\u015bci samochodowe- to nie odpady komunalne !"}]},{"@type":"WebSite","@id":"https:\/\/mikolow.eu\/odpady\/#website","url":"https:\/\/mikolow.eu\/odpady\/","name":"odpady","description":"odpady","publisher":{"@id":"https:\/\/mikolow.eu\/odpady\/#organization"},"potentialAction":[{"@type":"SearchAction","target":{"@type":"EntryPoint","urlTemplate":"https:\/\/mikolow.eu\/odpady\/?s={search_term_string}"},"query-input":{"@type":"PropertyValueSpecification","valueRequired":true,"valueName":"search_term_string"}}],"inLanguage":"pl-PL"},{"@type":"Organization","@id":"https:\/\/mikolow.eu\/odpady\/#organization","name":"odpady","url":"https:\/\/mikolow.eu\/odpady\/","logo":{"@type":"ImageObject","inLanguage":"pl-PL","@id":"https:\/\/mikolow.eu\/odpady\/#\/schema\/logo\/image\/","url":"https:\/\/mikolow.eu\/odpady\/wp-content\/uploads\/sites\/13\/2020\/04\/cropped-logo_v16-1.png","contentUrl":"https:\/\/mikolow.eu\/odpady\/wp-content\/uploads\/sites\/13\/2020\/04\/cropped-logo_v16-1.png","width":1013,"height":250,"caption":"odpady"},"image":{"@id":"https:\/\/mikolow.eu\/odpady\/#\/schema\/logo\/image\/"}},{"@type":"Person","@id":"https:\/\/mikolow.eu\/odpady\/#\/schema\/person\/b19fc7f155edd407d4ef864f9e385294","name":"kkurczyk","image":{"@type":"ImageObject","inLanguage":"pl-PL","@id":"https:\/\/secure.gravatar.com\/avatar\/0bb7a67fa09db5baa2fd64f4fa14c90f89e9b1da3012ecfc21f41683c6342993?s=96&d=mm&r=g","url":"https:\/\/secure.gravatar.com\/avatar\/0bb7a67fa09db5baa2fd64f4fa14c90f89e9b1da3012ecfc21f41683c6342993?s=96&d=mm&r=g","contentUrl":"https:\/\/secure.gravatar.com\/avatar\/0bb7a67fa09db5baa2fd64f4fa14c90f89e9b1da3012ecfc21f41683c6342993?s=96&d=mm&r=g","caption":"kkurczyk"},"url":"https:\/\/mikolow.eu\/odpady\/author\/katarzynakurczyk\/"}]}},"_links":{"self":[{"href":"https:\/\/mikolow.eu\/odpady\/wp-json\/wp\/v2\/posts\/2847","targetHints":{"allow":["GET"]}}],"collection":[{"href":"https:\/\/mikolow.eu\/odpady\/wp-json\/wp\/v2\/posts"}],"about":[{"href":"https:\/\/mikolow.eu\/odpady\/wp-json\/wp\/v2\/types\/post"}],"author":[{"embeddable":true,"href":"https:\/\/mikolow.eu\/odpady\/wp-json\/wp\/v2\/users\/42"}],"replies":[{"embeddable":true,"href":"https:\/\/mikolow.eu\/odpady\/wp-json\/wp\/v2\/comments?post=2847"}],"version-history":[{"count":9,"href":"https:\/\/mikolow.eu\/odpady\/wp-json\/wp\/v2\/posts\/2847\/revisions"}],"predecessor-version":[{"id":2860,"href":"https:\/\/mikolow.eu\/odpady\/wp-json\/wp\/v2\/posts\/2847\/revisions\/2860"}],"wp:featuredmedia":[{"embeddable":true,"href":"https:\/\/mikolow.eu\/odpady\/wp-json\/wp\/v2\/media\/2852"}],"wp:attachment":[{"href":"https:\/\/mikolow.eu\/odpady\/wp-json\/wp\/v2\/media?parent=2847"}],"wp:term":[{"taxonomy":"category","embeddable":true,"href":"https:\/\/mikolow.eu\/odpady\/wp-json\/wp\/v2\/categories?post=2847"},{"taxonomy":"post_tag","embeddable":true,"href":"https:\/\/mikolow.eu\/odpady\/wp-json\/wp\/v2\/tags?post=2847"}],"curies":[{"name":"wp","href":"https:\/\/api.w.org\/{rel}","templated":true}]}}