{"id":1942,"date":"2020-10-27T09:14:06","date_gmt":"2020-10-27T08:14:06","guid":{"rendered":"http:\/\/mikolow.eu\/odpady\/?p=1942"},"modified":"2021-11-05T13:28:13","modified_gmt":"2021-11-05T12:28:13","slug":"co-zrobic-z-odpadami-na-kwarantannie","status":"publish","type":"post","link":"https:\/\/mikolow.eu\/odpady\/co-zrobic-z-odpadami-na-kwarantannie\/","title":{"rendered":"Co zrobi\u0107 z odpadami na kwarantannie?"},"content":{"rendered":"\n<p>Przede wszystkim trzeba pami\u0119ta\u0107, \u017ce osoby skierowane na kwarantann\u0119 przez Sanepid w \u017cadnym razie nie powinny wychodzi\u0107 z domu nawet z odpadami. Poni\u017cej wa\u017cne wytyczne rz\u0105dowe dla os\u00f3b przebywaj\u0105cych w izolacji (chorych lub podejrzanych o chorob\u0119 zaka\u017an\u0105):<\/p>\n\n\n\n<ul class=\"wp-block-list\"><li>zaleca si\u0119 odczekanie 72 godzin zanim przeka\u017ce si\u0119 worek z odpadami do odbioru,<\/li><li>nale\u017cy umie\u015bci\u0107 odpady w worku i w miar\u0119 mo\u017cliwo\u015bci worek spryska\u0107 preparatem wirusob\u00f3jczym,<\/li><li>zape\u0142ni\u0107 worek odpadami do 3\/4 jego pojemno\u015bci i nie zgniata\u0107 zawarto\u015bci,<\/li><li>po zape\u0142nieniu worka zawi\u0105za\u0107 worek i po ustaleniu z osob\u0105 wynosz\u0105c\u0105 odpady z miejsca izolacji, wystawi\u0107 worek z pomieszczenia, w kt\u00f3rym przebywa osoba b\u0119d\u0105ca w izolacji,<\/li><li>osoba wynosz\u0105c\u0105 odpady z miejsca izolacji wk\u0142ada (w r\u0119kawiczkach) wystawiony przez osob\u0119 w izolacji worek do drugiego worka, zawi\u0105zuje\/zamyka go i zabezpiecza przed przypadkowym otwarciem w chwili jego odbioru (opr\u00f3cz dok\u0142adnego zawi\u0105zania worka, mo\u017cna zamkn\u0105\u0107 go dodatkowo przy pomocy ta\u015bmy samoprzylepnej lub sznurka) oraz oznacza dat\u0119 i godzin\u0119 zamkni\u0119cia worka,<\/li><li>worek z odpadami nale\u017cy przenie\u015b\u0107 w r\u0119kawiczkach do miejsca przeznaczonego do gromadzenia odpad\u00f3w i umie\u015bci\u0107 w pojemniku na odpady zmieszane (czarny).<\/li><\/ul>\n\n\n\n<p>Przed i po ka\u017cdej czynno\u015bci zwi\u0105zanej z pakowaniem\/przenoszeniem odpad\u00f3w, nale\u017cy u\u017cywa\u0107 r\u0119kawiczek ochronnych i koniecznie umy\u0107 i\/lub dezynfekowa\u0107 r\u0119ce. Odpady, kt\u00f3rych nie mo\u017cna \u0142\u0105czy\u0107 z innymi odpadami (tj. zu\u017cyty sprz\u0119t elektryczny i elektroniczny, zu\u017cyte baterie i akumulatory, zu\u017cyte \u015bwietl\u00f3wki) powinny by\u0107 pozostawione w domu w czasie izolacji i przekazane do systemu gminnego, kiedy b\u0119dzie mo\u017cna opu\u015bci\u0107 miejsce izolacji.<\/p>\n\n\n\n<p><\/p>\n","protected":false},"excerpt":{"rendered":"<p>Przede wszystkim trzeba pami\u0119ta\u0107, \u017ce osoby skierowane na kwarantann\u0119 przez Sanepid w \u017cadnym razie nie powinny wychodzi\u0107 z domu nawet z odpadami. Poni\u017cej wa\u017cne wytyczne rz\u0105dowe dla os\u00f3b przebywaj\u0105cych w izolacji (chorych lub podejrzanych o chorob\u0119 zaka\u017an\u0105): zaleca si\u0119 odczekanie 72 godzin zanim przeka\u017ce si\u0119 worek z odpadami do odbioru, nale\u017cy umie\u015bci\u0107 odpady w worku<\/p>\n","protected":false},"author":20,"featured_media":179,"comment_status":"closed","ping_status":"closed","sticky":false,"template":"","format":"standard","meta":{"_acf_changed":false,"footnotes":""},"categories":[27],"tags":[],"class_list":["post-1942","post","type-post","status-publish","format-standard","has-post-thumbnail","hentry","category-odbiory"],"acf":[],"yoast_head":"<!-- This site is optimized with the Yoast SEO plugin v27.5 - https:\/\/yoast.com\/product\/yoast-seo-wordpress\/ -->\n<title>Co zrobi\u0107 z odpadami na kwarantannie? - odpady<\/title>\n<meta name=\"robots\" content=\"index, follow, max-snippet:-1, max-image-preview:large, max-video-preview:-1\" \/>\n<link rel=\"canonical\" href=\"https:\/\/mikolow.eu\/odpady\/co-zrobic-z-odpadami-na-kwarantannie\/\" \/>\n<meta property=\"og:locale\" content=\"pl_PL\" \/>\n<meta property=\"og:type\" content=\"article\" \/>\n<meta property=\"og:title\" content=\"Co zrobi\u0107 z odpadami na kwarantannie? - odpady\" \/>\n<meta property=\"og:description\" content=\"Przede wszystkim trzeba pami\u0119ta\u0107, \u017ce osoby skierowane na kwarantann\u0119 przez Sanepid w \u017cadnym razie nie powinny wychodzi\u0107 z domu nawet z odpadami. Poni\u017cej wa\u017cne wytyczne rz\u0105dowe dla os\u00f3b przebywaj\u0105cych w izolacji (chorych lub podejrzanych o chorob\u0119 zaka\u017an\u0105): zaleca si\u0119 odczekanie 72 godzin zanim przeka\u017ce si\u0119 worek z odpadami do odbioru, nale\u017cy umie\u015bci\u0107 odpady w worku\" \/>\n<meta property=\"og:url\" content=\"https:\/\/mikolow.eu\/odpady\/co-zrobic-z-odpadami-na-kwarantannie\/\" \/>\n<meta property=\"og:site_name\" content=\"odpady\" \/>\n<meta property=\"article:published_time\" content=\"2020-10-27T08:14:06+00:00\" \/>\n<meta property=\"article:modified_time\" content=\"2021-11-05T12:28:13+00:00\" \/>\n<meta property=\"og:image\" content=\"http:\/\/mikolow.eu\/odpady\/wp-content\/uploads\/sites\/13\/2020\/03\/mulltonnen-3979757_640.jpg\" \/>\n\t<meta property=\"og:image:width\" content=\"640\" \/>\n\t<meta property=\"og:image:height\" content=\"426\" \/>\n\t<meta property=\"og:image:type\" content=\"image\/jpeg\" \/>\n<meta name=\"author\" content=\"amaro\" \/>\n<meta name=\"twitter:card\" content=\"summary_large_image\" \/>\n<meta name=\"twitter:label1\" content=\"Napisane przez\" \/>\n\t<meta name=\"twitter:data1\" content=\"amaro\" \/>\n\t<meta name=\"twitter:label2\" content=\"Szacowany czas czytania\" \/>\n\t<meta name=\"twitter:data2\" content=\"2 minuty\" \/>\n<script type=\"application\/ld+json\" class=\"yoast-schema-graph\">{\"@context\":\"https:\\\/\\\/schema.org\",\"@graph\":[{\"@type\":\"Article\",\"@id\":\"https:\\\/\\\/mikolow.eu\\\/odpady\\\/co-zrobic-z-odpadami-na-kwarantannie\\\/#article\",\"isPartOf\":{\"@id\":\"https:\\\/\\\/mikolow.eu\\\/odpady\\\/co-zrobic-z-odpadami-na-kwarantannie\\\/\"},\"author\":{\"name\":\"amaro\",\"@id\":\"https:\\\/\\\/mikolow.eu\\\/odpady\\\/#\\\/schema\\\/person\\\/76149b18e56a88f9122e4f3bde660bd3\"},\"headline\":\"Co zrobi\u0107 z odpadami na kwarantannie?\",\"datePublished\":\"2020-10-27T08:14:06+00:00\",\"dateModified\":\"2021-11-05T12:28:13+00:00\",\"mainEntityOfPage\":{\"@id\":\"https:\\\/\\\/mikolow.eu\\\/odpady\\\/co-zrobic-z-odpadami-na-kwarantannie\\\/\"},\"wordCount\":290,\"publisher\":{\"@id\":\"https:\\\/\\\/mikolow.eu\\\/odpady\\\/#organization\"},\"image\":{\"@id\":\"https:\\\/\\\/mikolow.eu\\\/odpady\\\/co-zrobic-z-odpadami-na-kwarantannie\\\/#primaryimage\"},\"thumbnailUrl\":\"https:\\\/\\\/mikolow.eu\\\/odpady\\\/wp-content\\\/uploads\\\/sites\\\/13\\\/2020\\\/03\\\/mulltonnen-3979757_640.jpg\",\"articleSection\":[\"Odbi\u00f3r odpad\u00f3w\"],\"inLanguage\":\"pl-PL\"},{\"@type\":\"WebPage\",\"@id\":\"https:\\\/\\\/mikolow.eu\\\/odpady\\\/co-zrobic-z-odpadami-na-kwarantannie\\\/\",\"url\":\"https:\\\/\\\/mikolow.eu\\\/odpady\\\/co-zrobic-z-odpadami-na-kwarantannie\\\/\",\"name\":\"Co zrobi\u0107 z odpadami na kwarantannie? - odpady\",\"isPartOf\":{\"@id\":\"https:\\\/\\\/mikolow.eu\\\/odpady\\\/#website\"},\"primaryImageOfPage\":{\"@id\":\"https:\\\/\\\/mikolow.eu\\\/odpady\\\/co-zrobic-z-odpadami-na-kwarantannie\\\/#primaryimage\"},\"image\":{\"@id\":\"https:\\\/\\\/mikolow.eu\\\/odpady\\\/co-zrobic-z-odpadami-na-kwarantannie\\\/#primaryimage\"},\"thumbnailUrl\":\"https:\\\/\\\/mikolow.eu\\\/odpady\\\/wp-content\\\/uploads\\\/sites\\\/13\\\/2020\\\/03\\\/mulltonnen-3979757_640.jpg\",\"datePublished\":\"2020-10-27T08:14:06+00:00\",\"dateModified\":\"2021-11-05T12:28:13+00:00\",\"breadcrumb\":{\"@id\":\"https:\\\/\\\/mikolow.eu\\\/odpady\\\/co-zrobic-z-odpadami-na-kwarantannie\\\/#breadcrumb\"},\"inLanguage\":\"pl-PL\",\"potentialAction\":[{\"@type\":\"ReadAction\",\"target\":[\"https:\\\/\\\/mikolow.eu\\\/odpady\\\/co-zrobic-z-odpadami-na-kwarantannie\\\/\"]}]},{\"@type\":\"ImageObject\",\"inLanguage\":\"pl-PL\",\"@id\":\"https:\\\/\\\/mikolow.eu\\\/odpady\\\/co-zrobic-z-odpadami-na-kwarantannie\\\/#primaryimage\",\"url\":\"https:\\\/\\\/mikolow.eu\\\/odpady\\\/wp-content\\\/uploads\\\/sites\\\/13\\\/2020\\\/03\\\/mulltonnen-3979757_640.jpg\",\"contentUrl\":\"https:\\\/\\\/mikolow.eu\\\/odpady\\\/wp-content\\\/uploads\\\/sites\\\/13\\\/2020\\\/03\\\/mulltonnen-3979757_640.jpg\",\"width\":640,\"height\":426},{\"@type\":\"BreadcrumbList\",\"@id\":\"https:\\\/\\\/mikolow.eu\\\/odpady\\\/co-zrobic-z-odpadami-na-kwarantannie\\\/#breadcrumb\",\"itemListElement\":[{\"@type\":\"ListItem\",\"position\":1,\"name\":\"Strona g\u0142\u00f3wna\",\"item\":\"https:\\\/\\\/mikolow.eu\\\/odpady\\\/\"},{\"@type\":\"ListItem\",\"position\":2,\"name\":\"Co zrobi\u0107 z odpadami na kwarantannie?\"}]},{\"@type\":\"WebSite\",\"@id\":\"https:\\\/\\\/mikolow.eu\\\/odpady\\\/#website\",\"url\":\"https:\\\/\\\/mikolow.eu\\\/odpady\\\/\",\"name\":\"odpady\",\"description\":\"odpady\",\"publisher\":{\"@id\":\"https:\\\/\\\/mikolow.eu\\\/odpady\\\/#organization\"},\"potentialAction\":[{\"@type\":\"SearchAction\",\"target\":{\"@type\":\"EntryPoint\",\"urlTemplate\":\"https:\\\/\\\/mikolow.eu\\\/odpady\\\/?s={search_term_string}\"},\"query-input\":{\"@type\":\"PropertyValueSpecification\",\"valueRequired\":true,\"valueName\":\"search_term_string\"}}],\"inLanguage\":\"pl-PL\"},{\"@type\":\"Organization\",\"@id\":\"https:\\\/\\\/mikolow.eu\\\/odpady\\\/#organization\",\"name\":\"odpady\",\"url\":\"https:\\\/\\\/mikolow.eu\\\/odpady\\\/\",\"logo\":{\"@type\":\"ImageObject\",\"inLanguage\":\"pl-PL\",\"@id\":\"https:\\\/\\\/mikolow.eu\\\/odpady\\\/#\\\/schema\\\/logo\\\/image\\\/\",\"url\":\"https:\\\/\\\/mikolow.eu\\\/odpady\\\/wp-content\\\/uploads\\\/sites\\\/13\\\/2020\\\/04\\\/cropped-logo_v16-1.png\",\"contentUrl\":\"https:\\\/\\\/mikolow.eu\\\/odpady\\\/wp-content\\\/uploads\\\/sites\\\/13\\\/2020\\\/04\\\/cropped-logo_v16-1.png\",\"width\":1013,\"height\":250,\"caption\":\"odpady\"},\"image\":{\"@id\":\"https:\\\/\\\/mikolow.eu\\\/odpady\\\/#\\\/schema\\\/logo\\\/image\\\/\"}},{\"@type\":\"Person\",\"@id\":\"https:\\\/\\\/mikolow.eu\\\/odpady\\\/#\\\/schema\\\/person\\\/76149b18e56a88f9122e4f3bde660bd3\",\"name\":\"amaro\",\"image\":{\"@type\":\"ImageObject\",\"inLanguage\":\"pl-PL\",\"@id\":\"https:\\\/\\\/secure.gravatar.com\\\/avatar\\\/01183c9c3024931157c4fa8c09c7a1e52b4f2ec8d40b165ea0ddf0abd0c2748d?s=96&d=mm&r=g\",\"url\":\"https:\\\/\\\/secure.gravatar.com\\\/avatar\\\/01183c9c3024931157c4fa8c09c7a1e52b4f2ec8d40b165ea0ddf0abd0c2748d?s=96&d=mm&r=g\",\"contentUrl\":\"https:\\\/\\\/secure.gravatar.com\\\/avatar\\\/01183c9c3024931157c4fa8c09c7a1e52b4f2ec8d40b165ea0ddf0abd0c2748d?s=96&d=mm&r=g\",\"caption\":\"amaro\"},\"url\":\"https:\\\/\\\/mikolow.eu\\\/odpady\\\/author\\\/asiudzinska\\\/\"}]}<\/script>\n<!-- \/ Yoast SEO plugin. -->","yoast_head_json":{"title":"Co zrobi\u0107 z odpadami na kwarantannie? - odpady","robots":{"index":"index","follow":"follow","max-snippet":"max-snippet:-1","max-image-preview":"max-image-preview:large","max-video-preview":"max-video-preview:-1"},"canonical":"https:\/\/mikolow.eu\/odpady\/co-zrobic-z-odpadami-na-kwarantannie\/","og_locale":"pl_PL","og_type":"article","og_title":"Co zrobi\u0107 z odpadami na kwarantannie? - odpady","og_description":"Przede wszystkim trzeba pami\u0119ta\u0107, \u017ce osoby skierowane na kwarantann\u0119 przez Sanepid w \u017cadnym razie nie powinny wychodzi\u0107 z domu nawet z odpadami. Poni\u017cej wa\u017cne wytyczne rz\u0105dowe dla os\u00f3b przebywaj\u0105cych w izolacji (chorych lub podejrzanych o chorob\u0119 zaka\u017an\u0105): zaleca si\u0119 odczekanie 72 godzin zanim przeka\u017ce si\u0119 worek z odpadami do odbioru, nale\u017cy umie\u015bci\u0107 odpady w worku","og_url":"https:\/\/mikolow.eu\/odpady\/co-zrobic-z-odpadami-na-kwarantannie\/","og_site_name":"odpady","article_published_time":"2020-10-27T08:14:06+00:00","article_modified_time":"2021-11-05T12:28:13+00:00","og_image":[{"width":640,"height":426,"url":"http:\/\/mikolow.eu\/odpady\/wp-content\/uploads\/sites\/13\/2020\/03\/mulltonnen-3979757_640.jpg","type":"image\/jpeg"}],"author":"amaro","twitter_card":"summary_large_image","twitter_misc":{"Napisane przez":"amaro","Szacowany czas czytania":"2 minuty"},"schema":{"@context":"https:\/\/schema.org","@graph":[{"@type":"Article","@id":"https:\/\/mikolow.eu\/odpady\/co-zrobic-z-odpadami-na-kwarantannie\/#article","isPartOf":{"@id":"https:\/\/mikolow.eu\/odpady\/co-zrobic-z-odpadami-na-kwarantannie\/"},"author":{"name":"amaro","@id":"https:\/\/mikolow.eu\/odpady\/#\/schema\/person\/76149b18e56a88f9122e4f3bde660bd3"},"headline":"Co zrobi\u0107 z odpadami na kwarantannie?","datePublished":"2020-10-27T08:14:06+00:00","dateModified":"2021-11-05T12:28:13+00:00","mainEntityOfPage":{"@id":"https:\/\/mikolow.eu\/odpady\/co-zrobic-z-odpadami-na-kwarantannie\/"},"wordCount":290,"publisher":{"@id":"https:\/\/mikolow.eu\/odpady\/#organization"},"image":{"@id":"https:\/\/mikolow.eu\/odpady\/co-zrobic-z-odpadami-na-kwarantannie\/#primaryimage"},"thumbnailUrl":"https:\/\/mikolow.eu\/odpady\/wp-content\/uploads\/sites\/13\/2020\/03\/mulltonnen-3979757_640.jpg","articleSection":["Odbi\u00f3r odpad\u00f3w"],"inLanguage":"pl-PL"},{"@type":"WebPage","@id":"https:\/\/mikolow.eu\/odpady\/co-zrobic-z-odpadami-na-kwarantannie\/","url":"https:\/\/mikolow.eu\/odpady\/co-zrobic-z-odpadami-na-kwarantannie\/","name":"Co zrobi\u0107 z odpadami na kwarantannie? - odpady","isPartOf":{"@id":"https:\/\/mikolow.eu\/odpady\/#website"},"primaryImageOfPage":{"@id":"https:\/\/mikolow.eu\/odpady\/co-zrobic-z-odpadami-na-kwarantannie\/#primaryimage"},"image":{"@id":"https:\/\/mikolow.eu\/odpady\/co-zrobic-z-odpadami-na-kwarantannie\/#primaryimage"},"thumbnailUrl":"https:\/\/mikolow.eu\/odpady\/wp-content\/uploads\/sites\/13\/2020\/03\/mulltonnen-3979757_640.jpg","datePublished":"2020-10-27T08:14:06+00:00","dateModified":"2021-11-05T12:28:13+00:00","breadcrumb":{"@id":"https:\/\/mikolow.eu\/odpady\/co-zrobic-z-odpadami-na-kwarantannie\/#breadcrumb"},"inLanguage":"pl-PL","potentialAction":[{"@type":"ReadAction","target":["https:\/\/mikolow.eu\/odpady\/co-zrobic-z-odpadami-na-kwarantannie\/"]}]},{"@type":"ImageObject","inLanguage":"pl-PL","@id":"https:\/\/mikolow.eu\/odpady\/co-zrobic-z-odpadami-na-kwarantannie\/#primaryimage","url":"https:\/\/mikolow.eu\/odpady\/wp-content\/uploads\/sites\/13\/2020\/03\/mulltonnen-3979757_640.jpg","contentUrl":"https:\/\/mikolow.eu\/odpady\/wp-content\/uploads\/sites\/13\/2020\/03\/mulltonnen-3979757_640.jpg","width":640,"height":426},{"@type":"BreadcrumbList","@id":"https:\/\/mikolow.eu\/odpady\/co-zrobic-z-odpadami-na-kwarantannie\/#breadcrumb","itemListElement":[{"@type":"ListItem","position":1,"name":"Strona g\u0142\u00f3wna","item":"https:\/\/mikolow.eu\/odpady\/"},{"@type":"ListItem","position":2,"name":"Co zrobi\u0107 z odpadami na kwarantannie?"}]},{"@type":"WebSite","@id":"https:\/\/mikolow.eu\/odpady\/#website","url":"https:\/\/mikolow.eu\/odpady\/","name":"odpady","description":"odpady","publisher":{"@id":"https:\/\/mikolow.eu\/odpady\/#organization"},"potentialAction":[{"@type":"SearchAction","target":{"@type":"EntryPoint","urlTemplate":"https:\/\/mikolow.eu\/odpady\/?s={search_term_string}"},"query-input":{"@type":"PropertyValueSpecification","valueRequired":true,"valueName":"search_term_string"}}],"inLanguage":"pl-PL"},{"@type":"Organization","@id":"https:\/\/mikolow.eu\/odpady\/#organization","name":"odpady","url":"https:\/\/mikolow.eu\/odpady\/","logo":{"@type":"ImageObject","inLanguage":"pl-PL","@id":"https:\/\/mikolow.eu\/odpady\/#\/schema\/logo\/image\/","url":"https:\/\/mikolow.eu\/odpady\/wp-content\/uploads\/sites\/13\/2020\/04\/cropped-logo_v16-1.png","contentUrl":"https:\/\/mikolow.eu\/odpady\/wp-content\/uploads\/sites\/13\/2020\/04\/cropped-logo_v16-1.png","width":1013,"height":250,"caption":"odpady"},"image":{"@id":"https:\/\/mikolow.eu\/odpady\/#\/schema\/logo\/image\/"}},{"@type":"Person","@id":"https:\/\/mikolow.eu\/odpady\/#\/schema\/person\/76149b18e56a88f9122e4f3bde660bd3","name":"amaro","image":{"@type":"ImageObject","inLanguage":"pl-PL","@id":"https:\/\/secure.gravatar.com\/avatar\/01183c9c3024931157c4fa8c09c7a1e52b4f2ec8d40b165ea0ddf0abd0c2748d?s=96&d=mm&r=g","url":"https:\/\/secure.gravatar.com\/avatar\/01183c9c3024931157c4fa8c09c7a1e52b4f2ec8d40b165ea0ddf0abd0c2748d?s=96&d=mm&r=g","contentUrl":"https:\/\/secure.gravatar.com\/avatar\/01183c9c3024931157c4fa8c09c7a1e52b4f2ec8d40b165ea0ddf0abd0c2748d?s=96&d=mm&r=g","caption":"amaro"},"url":"https:\/\/mikolow.eu\/odpady\/author\/asiudzinska\/"}]}},"_links":{"self":[{"href":"https:\/\/mikolow.eu\/odpady\/wp-json\/wp\/v2\/posts\/1942","targetHints":{"allow":["GET"]}}],"collection":[{"href":"https:\/\/mikolow.eu\/odpady\/wp-json\/wp\/v2\/posts"}],"about":[{"href":"https:\/\/mikolow.eu\/odpady\/wp-json\/wp\/v2\/types\/post"}],"author":[{"embeddable":true,"href":"https:\/\/mikolow.eu\/odpady\/wp-json\/wp\/v2\/users\/20"}],"replies":[{"embeddable":true,"href":"https:\/\/mikolow.eu\/odpady\/wp-json\/wp\/v2\/comments?post=1942"}],"version-history":[{"count":3,"href":"https:\/\/mikolow.eu\/odpady\/wp-json\/wp\/v2\/posts\/1942\/revisions"}],"predecessor-version":[{"id":2736,"href":"https:\/\/mikolow.eu\/odpady\/wp-json\/wp\/v2\/posts\/1942\/revisions\/2736"}],"wp:featuredmedia":[{"embeddable":true,"href":"https:\/\/mikolow.eu\/odpady\/wp-json\/wp\/v2\/media\/179"}],"wp:attachment":[{"href":"https:\/\/mikolow.eu\/odpady\/wp-json\/wp\/v2\/media?parent=1942"}],"wp:term":[{"taxonomy":"category","embeddable":true,"href":"https:\/\/mikolow.eu\/odpady\/wp-json\/wp\/v2\/categories?post=1942"},{"taxonomy":"post_tag","embeddable":true,"href":"https:\/\/mikolow.eu\/odpady\/wp-json\/wp\/v2\/tags?post=1942"}],"curies":[{"name":"wp","href":"https:\/\/api.w.org\/{rel}","templated":true}]}}