{"id":1786,"date":"2020-05-13T09:32:06","date_gmt":"2020-05-13T07:32:06","guid":{"rendered":"http:\/\/mikolow.eu\/odpady\/?p=1786"},"modified":"2020-05-14T12:22:09","modified_gmt":"2020-05-14T10:22:09","slug":"worki-na-odpady-segregowane","status":"publish","type":"post","link":"https:\/\/mikolow.eu\/odpady\/worki-na-odpady-segregowane\/","title":{"rendered":"Worki na odpady segregowane"},"content":{"rendered":"\n<p>Informujemy, \u017ce\u00a0worki na\u00a0odpady segregowane mo\u017cna pobra\u0107 w\u00a0PSZOK-u przy ul.\u00a0Dzie\u0144dziela 44 od\u00a0<strong>poniedzia\u0142ku do\u00a0pi\u0105tku <\/strong>w\u00a0godzinach od\u00a0<strong>6.30 do\u00a019.30<\/strong> w\u00a0<strong>soboty<\/strong>\u00a0 w\u00a0godzinach od\u00a0<strong>8.00 ? 15.30. <\/strong><\/p>\n\n\n\n<p>Worki s\u0105 r\u00f3wnie\u017c wystawione przed\u00a0MDK Rynek 19. <\/p>\n\n\n\n<p><strong>Tym samym prosimy, aby odpady segregowane umieszcza\u0107 ju\u017c we&nbsp;workach zgodnie z&nbsp;kolorystyk\u0105 dla danej frakcji odpadu. <\/strong><\/p>\n","protected":false},"excerpt":{"rendered":"<p>Informujemy, \u017ce\u00a0worki na\u00a0odpady segregowane mo\u017cna pobra\u0107 w\u00a0PSZOK-u przy ul.\u00a0Dzie\u0144dziela 44 od\u00a0poniedzia\u0142ku do\u00a0pi\u0105tku w\u00a0godzinach od\u00a06.30 do\u00a019.30 w\u00a0soboty\u00a0 w\u00a0godzinach od\u00a08.00 ? 15.30. Worki s\u0105 r\u00f3wnie\u017c wystawione przed\u00a0MDK Rynek 19. Tym samym prosimy, aby odpady segregowane umieszcza\u0107 ju\u017c we&nbsp;workach zgodnie z&nbsp;kolorystyk\u0105 dla danej frakcji odpadu.<\/p>\n","protected":false},"author":20,"featured_media":1787,"comment_status":"closed","ping_status":"closed","sticky":false,"template":"","format":"standard","meta":{"_acf_changed":false,"footnotes":""},"categories":[27],"tags":[],"class_list":["post-1786","post","type-post","status-publish","format-standard","has-post-thumbnail","hentry","category-odbiory"],"acf":[],"yoast_head":"<!-- This site is optimized with the Yoast SEO plugin v27.5 - https:\/\/yoast.com\/product\/yoast-seo-wordpress\/ -->\n<title>Worki na odpady segregowane - odpady<\/title>\n<meta name=\"robots\" content=\"index, follow, max-snippet:-1, max-image-preview:large, max-video-preview:-1\" \/>\n<link rel=\"canonical\" href=\"https:\/\/mikolow.eu\/odpady\/worki-na-odpady-segregowane\/\" \/>\n<meta property=\"og:locale\" content=\"pl_PL\" \/>\n<meta property=\"og:type\" content=\"article\" \/>\n<meta property=\"og:title\" content=\"Worki na odpady segregowane - odpady\" \/>\n<meta property=\"og:description\" content=\"Informujemy, \u017ce\u00a0worki na\u00a0odpady segregowane mo\u017cna pobra\u0107 w\u00a0PSZOK-u przy ul.\u00a0Dzie\u0144dziela 44 od\u00a0poniedzia\u0142ku do\u00a0pi\u0105tku w\u00a0godzinach od\u00a06.30 do\u00a019.30 w\u00a0soboty\u00a0 w\u00a0godzinach od\u00a08.00 ? 15.30. Worki s\u0105 r\u00f3wnie\u017c wystawione przed\u00a0MDK Rynek 19. Tym samym prosimy, aby odpady segregowane umieszcza\u0107 ju\u017c we&nbsp;workach zgodnie z&nbsp;kolorystyk\u0105 dla danej frakcji odpadu.\" \/>\n<meta property=\"og:url\" content=\"https:\/\/mikolow.eu\/odpady\/worki-na-odpady-segregowane\/\" \/>\n<meta property=\"og:site_name\" content=\"odpady\" \/>\n<meta property=\"article:published_time\" content=\"2020-05-13T07:32:06+00:00\" \/>\n<meta property=\"article:modified_time\" content=\"2020-05-14T10:22:09+00:00\" \/>\n<meta property=\"og:image\" content=\"http:\/\/mikolow.eu\/odpady\/wp-content\/uploads\/sites\/13\/2020\/05\/gary-chan-YzSZN3qvHeo-unsplash.jpg\" \/>\n\t<meta property=\"og:image:width\" content=\"640\" \/>\n\t<meta property=\"og:image:height\" content=\"480\" \/>\n\t<meta property=\"og:image:type\" content=\"image\/jpeg\" \/>\n<meta name=\"author\" content=\"amaro\" \/>\n<meta name=\"twitter:card\" content=\"summary_large_image\" \/>\n<meta name=\"twitter:label1\" content=\"Napisane przez\" \/>\n\t<meta name=\"twitter:data1\" content=\"amaro\" \/>\n<script type=\"application\/ld+json\" class=\"yoast-schema-graph\">{\"@context\":\"https:\\\/\\\/schema.org\",\"@graph\":[{\"@type\":\"Article\",\"@id\":\"https:\\\/\\\/mikolow.eu\\\/odpady\\\/worki-na-odpady-segregowane\\\/#article\",\"isPartOf\":{\"@id\":\"https:\\\/\\\/mikolow.eu\\\/odpady\\\/worki-na-odpady-segregowane\\\/\"},\"author\":{\"name\":\"amaro\",\"@id\":\"https:\\\/\\\/mikolow.eu\\\/odpady\\\/#\\\/schema\\\/person\\\/76149b18e56a88f9122e4f3bde660bd3\"},\"headline\":\"Worki na odpady segregowane\",\"datePublished\":\"2020-05-13T07:32:06+00:00\",\"dateModified\":\"2020-05-14T10:22:09+00:00\",\"mainEntityOfPage\":{\"@id\":\"https:\\\/\\\/mikolow.eu\\\/odpady\\\/worki-na-odpady-segregowane\\\/\"},\"wordCount\":61,\"publisher\":{\"@id\":\"https:\\\/\\\/mikolow.eu\\\/odpady\\\/#organization\"},\"image\":{\"@id\":\"https:\\\/\\\/mikolow.eu\\\/odpady\\\/worki-na-odpady-segregowane\\\/#primaryimage\"},\"thumbnailUrl\":\"https:\\\/\\\/mikolow.eu\\\/odpady\\\/wp-content\\\/uploads\\\/sites\\\/13\\\/2020\\\/05\\\/gary-chan-YzSZN3qvHeo-unsplash.jpg\",\"articleSection\":[\"Odbi\u00f3r odpad\u00f3w\"],\"inLanguage\":\"pl-PL\"},{\"@type\":\"WebPage\",\"@id\":\"https:\\\/\\\/mikolow.eu\\\/odpady\\\/worki-na-odpady-segregowane\\\/\",\"url\":\"https:\\\/\\\/mikolow.eu\\\/odpady\\\/worki-na-odpady-segregowane\\\/\",\"name\":\"Worki na odpady segregowane - odpady\",\"isPartOf\":{\"@id\":\"https:\\\/\\\/mikolow.eu\\\/odpady\\\/#website\"},\"primaryImageOfPage\":{\"@id\":\"https:\\\/\\\/mikolow.eu\\\/odpady\\\/worki-na-odpady-segregowane\\\/#primaryimage\"},\"image\":{\"@id\":\"https:\\\/\\\/mikolow.eu\\\/odpady\\\/worki-na-odpady-segregowane\\\/#primaryimage\"},\"thumbnailUrl\":\"https:\\\/\\\/mikolow.eu\\\/odpady\\\/wp-content\\\/uploads\\\/sites\\\/13\\\/2020\\\/05\\\/gary-chan-YzSZN3qvHeo-unsplash.jpg\",\"datePublished\":\"2020-05-13T07:32:06+00:00\",\"dateModified\":\"2020-05-14T10:22:09+00:00\",\"breadcrumb\":{\"@id\":\"https:\\\/\\\/mikolow.eu\\\/odpady\\\/worki-na-odpady-segregowane\\\/#breadcrumb\"},\"inLanguage\":\"pl-PL\",\"potentialAction\":[{\"@type\":\"ReadAction\",\"target\":[\"https:\\\/\\\/mikolow.eu\\\/odpady\\\/worki-na-odpady-segregowane\\\/\"]}]},{\"@type\":\"ImageObject\",\"inLanguage\":\"pl-PL\",\"@id\":\"https:\\\/\\\/mikolow.eu\\\/odpady\\\/worki-na-odpady-segregowane\\\/#primaryimage\",\"url\":\"https:\\\/\\\/mikolow.eu\\\/odpady\\\/wp-content\\\/uploads\\\/sites\\\/13\\\/2020\\\/05\\\/gary-chan-YzSZN3qvHeo-unsplash.jpg\",\"contentUrl\":\"https:\\\/\\\/mikolow.eu\\\/odpady\\\/wp-content\\\/uploads\\\/sites\\\/13\\\/2020\\\/05\\\/gary-chan-YzSZN3qvHeo-unsplash.jpg\",\"width\":640,\"height\":480},{\"@type\":\"BreadcrumbList\",\"@id\":\"https:\\\/\\\/mikolow.eu\\\/odpady\\\/worki-na-odpady-segregowane\\\/#breadcrumb\",\"itemListElement\":[{\"@type\":\"ListItem\",\"position\":1,\"name\":\"Strona g\u0142\u00f3wna\",\"item\":\"https:\\\/\\\/mikolow.eu\\\/odpady\\\/\"},{\"@type\":\"ListItem\",\"position\":2,\"name\":\"Worki na odpady segregowane\"}]},{\"@type\":\"WebSite\",\"@id\":\"https:\\\/\\\/mikolow.eu\\\/odpady\\\/#website\",\"url\":\"https:\\\/\\\/mikolow.eu\\\/odpady\\\/\",\"name\":\"odpady\",\"description\":\"odpady\",\"publisher\":{\"@id\":\"https:\\\/\\\/mikolow.eu\\\/odpady\\\/#organization\"},\"potentialAction\":[{\"@type\":\"SearchAction\",\"target\":{\"@type\":\"EntryPoint\",\"urlTemplate\":\"https:\\\/\\\/mikolow.eu\\\/odpady\\\/?s={search_term_string}\"},\"query-input\":{\"@type\":\"PropertyValueSpecification\",\"valueRequired\":true,\"valueName\":\"search_term_string\"}}],\"inLanguage\":\"pl-PL\"},{\"@type\":\"Organization\",\"@id\":\"https:\\\/\\\/mikolow.eu\\\/odpady\\\/#organization\",\"name\":\"odpady\",\"url\":\"https:\\\/\\\/mikolow.eu\\\/odpady\\\/\",\"logo\":{\"@type\":\"ImageObject\",\"inLanguage\":\"pl-PL\",\"@id\":\"https:\\\/\\\/mikolow.eu\\\/odpady\\\/#\\\/schema\\\/logo\\\/image\\\/\",\"url\":\"https:\\\/\\\/mikolow.eu\\\/odpady\\\/wp-content\\\/uploads\\\/sites\\\/13\\\/2020\\\/04\\\/cropped-logo_v16-1.png\",\"contentUrl\":\"https:\\\/\\\/mikolow.eu\\\/odpady\\\/wp-content\\\/uploads\\\/sites\\\/13\\\/2020\\\/04\\\/cropped-logo_v16-1.png\",\"width\":1013,\"height\":250,\"caption\":\"odpady\"},\"image\":{\"@id\":\"https:\\\/\\\/mikolow.eu\\\/odpady\\\/#\\\/schema\\\/logo\\\/image\\\/\"}},{\"@type\":\"Person\",\"@id\":\"https:\\\/\\\/mikolow.eu\\\/odpady\\\/#\\\/schema\\\/person\\\/76149b18e56a88f9122e4f3bde660bd3\",\"name\":\"amaro\",\"image\":{\"@type\":\"ImageObject\",\"inLanguage\":\"pl-PL\",\"@id\":\"https:\\\/\\\/secure.gravatar.com\\\/avatar\\\/01183c9c3024931157c4fa8c09c7a1e52b4f2ec8d40b165ea0ddf0abd0c2748d?s=96&d=mm&r=g\",\"url\":\"https:\\\/\\\/secure.gravatar.com\\\/avatar\\\/01183c9c3024931157c4fa8c09c7a1e52b4f2ec8d40b165ea0ddf0abd0c2748d?s=96&d=mm&r=g\",\"contentUrl\":\"https:\\\/\\\/secure.gravatar.com\\\/avatar\\\/01183c9c3024931157c4fa8c09c7a1e52b4f2ec8d40b165ea0ddf0abd0c2748d?s=96&d=mm&r=g\",\"caption\":\"amaro\"},\"url\":\"https:\\\/\\\/mikolow.eu\\\/odpady\\\/author\\\/asiudzinska\\\/\"}]}<\/script>\n<!-- \/ Yoast SEO plugin. -->","yoast_head_json":{"title":"Worki na odpady segregowane - odpady","robots":{"index":"index","follow":"follow","max-snippet":"max-snippet:-1","max-image-preview":"max-image-preview:large","max-video-preview":"max-video-preview:-1"},"canonical":"https:\/\/mikolow.eu\/odpady\/worki-na-odpady-segregowane\/","og_locale":"pl_PL","og_type":"article","og_title":"Worki na odpady segregowane - odpady","og_description":"Informujemy, \u017ce\u00a0worki na\u00a0odpady segregowane mo\u017cna pobra\u0107 w\u00a0PSZOK-u przy ul.\u00a0Dzie\u0144dziela 44 od\u00a0poniedzia\u0142ku do\u00a0pi\u0105tku w\u00a0godzinach od\u00a06.30 do\u00a019.30 w\u00a0soboty\u00a0 w\u00a0godzinach od\u00a08.00 ? 15.30. Worki s\u0105 r\u00f3wnie\u017c wystawione przed\u00a0MDK Rynek 19. Tym samym prosimy, aby odpady segregowane umieszcza\u0107 ju\u017c we&nbsp;workach zgodnie z&nbsp;kolorystyk\u0105 dla danej frakcji odpadu.","og_url":"https:\/\/mikolow.eu\/odpady\/worki-na-odpady-segregowane\/","og_site_name":"odpady","article_published_time":"2020-05-13T07:32:06+00:00","article_modified_time":"2020-05-14T10:22:09+00:00","og_image":[{"width":640,"height":480,"url":"http:\/\/mikolow.eu\/odpady\/wp-content\/uploads\/sites\/13\/2020\/05\/gary-chan-YzSZN3qvHeo-unsplash.jpg","type":"image\/jpeg"}],"author":"amaro","twitter_card":"summary_large_image","twitter_misc":{"Napisane przez":"amaro"},"schema":{"@context":"https:\/\/schema.org","@graph":[{"@type":"Article","@id":"https:\/\/mikolow.eu\/odpady\/worki-na-odpady-segregowane\/#article","isPartOf":{"@id":"https:\/\/mikolow.eu\/odpady\/worki-na-odpady-segregowane\/"},"author":{"name":"amaro","@id":"https:\/\/mikolow.eu\/odpady\/#\/schema\/person\/76149b18e56a88f9122e4f3bde660bd3"},"headline":"Worki na odpady segregowane","datePublished":"2020-05-13T07:32:06+00:00","dateModified":"2020-05-14T10:22:09+00:00","mainEntityOfPage":{"@id":"https:\/\/mikolow.eu\/odpady\/worki-na-odpady-segregowane\/"},"wordCount":61,"publisher":{"@id":"https:\/\/mikolow.eu\/odpady\/#organization"},"image":{"@id":"https:\/\/mikolow.eu\/odpady\/worki-na-odpady-segregowane\/#primaryimage"},"thumbnailUrl":"https:\/\/mikolow.eu\/odpady\/wp-content\/uploads\/sites\/13\/2020\/05\/gary-chan-YzSZN3qvHeo-unsplash.jpg","articleSection":["Odbi\u00f3r odpad\u00f3w"],"inLanguage":"pl-PL"},{"@type":"WebPage","@id":"https:\/\/mikolow.eu\/odpady\/worki-na-odpady-segregowane\/","url":"https:\/\/mikolow.eu\/odpady\/worki-na-odpady-segregowane\/","name":"Worki na odpady segregowane - odpady","isPartOf":{"@id":"https:\/\/mikolow.eu\/odpady\/#website"},"primaryImageOfPage":{"@id":"https:\/\/mikolow.eu\/odpady\/worki-na-odpady-segregowane\/#primaryimage"},"image":{"@id":"https:\/\/mikolow.eu\/odpady\/worki-na-odpady-segregowane\/#primaryimage"},"thumbnailUrl":"https:\/\/mikolow.eu\/odpady\/wp-content\/uploads\/sites\/13\/2020\/05\/gary-chan-YzSZN3qvHeo-unsplash.jpg","datePublished":"2020-05-13T07:32:06+00:00","dateModified":"2020-05-14T10:22:09+00:00","breadcrumb":{"@id":"https:\/\/mikolow.eu\/odpady\/worki-na-odpady-segregowane\/#breadcrumb"},"inLanguage":"pl-PL","potentialAction":[{"@type":"ReadAction","target":["https:\/\/mikolow.eu\/odpady\/worki-na-odpady-segregowane\/"]}]},{"@type":"ImageObject","inLanguage":"pl-PL","@id":"https:\/\/mikolow.eu\/odpady\/worki-na-odpady-segregowane\/#primaryimage","url":"https:\/\/mikolow.eu\/odpady\/wp-content\/uploads\/sites\/13\/2020\/05\/gary-chan-YzSZN3qvHeo-unsplash.jpg","contentUrl":"https:\/\/mikolow.eu\/odpady\/wp-content\/uploads\/sites\/13\/2020\/05\/gary-chan-YzSZN3qvHeo-unsplash.jpg","width":640,"height":480},{"@type":"BreadcrumbList","@id":"https:\/\/mikolow.eu\/odpady\/worki-na-odpady-segregowane\/#breadcrumb","itemListElement":[{"@type":"ListItem","position":1,"name":"Strona g\u0142\u00f3wna","item":"https:\/\/mikolow.eu\/odpady\/"},{"@type":"ListItem","position":2,"name":"Worki na odpady segregowane"}]},{"@type":"WebSite","@id":"https:\/\/mikolow.eu\/odpady\/#website","url":"https:\/\/mikolow.eu\/odpady\/","name":"odpady","description":"odpady","publisher":{"@id":"https:\/\/mikolow.eu\/odpady\/#organization"},"potentialAction":[{"@type":"SearchAction","target":{"@type":"EntryPoint","urlTemplate":"https:\/\/mikolow.eu\/odpady\/?s={search_term_string}"},"query-input":{"@type":"PropertyValueSpecification","valueRequired":true,"valueName":"search_term_string"}}],"inLanguage":"pl-PL"},{"@type":"Organization","@id":"https:\/\/mikolow.eu\/odpady\/#organization","name":"odpady","url":"https:\/\/mikolow.eu\/odpady\/","logo":{"@type":"ImageObject","inLanguage":"pl-PL","@id":"https:\/\/mikolow.eu\/odpady\/#\/schema\/logo\/image\/","url":"https:\/\/mikolow.eu\/odpady\/wp-content\/uploads\/sites\/13\/2020\/04\/cropped-logo_v16-1.png","contentUrl":"https:\/\/mikolow.eu\/odpady\/wp-content\/uploads\/sites\/13\/2020\/04\/cropped-logo_v16-1.png","width":1013,"height":250,"caption":"odpady"},"image":{"@id":"https:\/\/mikolow.eu\/odpady\/#\/schema\/logo\/image\/"}},{"@type":"Person","@id":"https:\/\/mikolow.eu\/odpady\/#\/schema\/person\/76149b18e56a88f9122e4f3bde660bd3","name":"amaro","image":{"@type":"ImageObject","inLanguage":"pl-PL","@id":"https:\/\/secure.gravatar.com\/avatar\/01183c9c3024931157c4fa8c09c7a1e52b4f2ec8d40b165ea0ddf0abd0c2748d?s=96&d=mm&r=g","url":"https:\/\/secure.gravatar.com\/avatar\/01183c9c3024931157c4fa8c09c7a1e52b4f2ec8d40b165ea0ddf0abd0c2748d?s=96&d=mm&r=g","contentUrl":"https:\/\/secure.gravatar.com\/avatar\/01183c9c3024931157c4fa8c09c7a1e52b4f2ec8d40b165ea0ddf0abd0c2748d?s=96&d=mm&r=g","caption":"amaro"},"url":"https:\/\/mikolow.eu\/odpady\/author\/asiudzinska\/"}]}},"_links":{"self":[{"href":"https:\/\/mikolow.eu\/odpady\/wp-json\/wp\/v2\/posts\/1786","targetHints":{"allow":["GET"]}}],"collection":[{"href":"https:\/\/mikolow.eu\/odpady\/wp-json\/wp\/v2\/posts"}],"about":[{"href":"https:\/\/mikolow.eu\/odpady\/wp-json\/wp\/v2\/types\/post"}],"author":[{"embeddable":true,"href":"https:\/\/mikolow.eu\/odpady\/wp-json\/wp\/v2\/users\/20"}],"replies":[{"embeddable":true,"href":"https:\/\/mikolow.eu\/odpady\/wp-json\/wp\/v2\/comments?post=1786"}],"version-history":[{"count":4,"href":"https:\/\/mikolow.eu\/odpady\/wp-json\/wp\/v2\/posts\/1786\/revisions"}],"predecessor-version":[{"id":1794,"href":"https:\/\/mikolow.eu\/odpady\/wp-json\/wp\/v2\/posts\/1786\/revisions\/1794"}],"wp:featuredmedia":[{"embeddable":true,"href":"https:\/\/mikolow.eu\/odpady\/wp-json\/wp\/v2\/media\/1787"}],"wp:attachment":[{"href":"https:\/\/mikolow.eu\/odpady\/wp-json\/wp\/v2\/media?parent=1786"}],"wp:term":[{"taxonomy":"category","embeddable":true,"href":"https:\/\/mikolow.eu\/odpady\/wp-json\/wp\/v2\/categories?post=1786"},{"taxonomy":"post_tag","embeddable":true,"href":"https:\/\/mikolow.eu\/odpady\/wp-json\/wp\/v2\/tags?post=1786"}],"curies":[{"name":"wp","href":"https:\/\/api.w.org\/{rel}","templated":true}]}}