{"id":106,"date":"2022-11-06T14:49:16","date_gmt":"2022-11-06T13:49:16","guid":{"rendered":"https:\/\/mikolow.eu\/mlodziezowaradamiejska\/?p=106"},"modified":"2022-11-06T14:49:20","modified_gmt":"2022-11-06T13:49:20","slug":"wybory-2022-najwazniejsze-informacje","status":"publish","type":"post","link":"https:\/\/mikolow.eu\/mlodziezowaradamiejska\/wybory-2022-najwazniejsze-informacje\/","title":{"rendered":"WYBORY 2022 &#8211; najwa\u017cniejsze informacje"},"content":{"rendered":"\n<p>WYBORY ODB\u0118D\u0104 SI\u0118 25 listopada 2022 roku!<\/p>\n\n\n\n<p>Kto <a><\/a>mo\u017ce kandydowa\u0107?<\/p>\n\n\n\n<ul class=\"wp-block-list\"><li>Kandydatem na radnego do M\u0142odzie\u017cowej Rady Miejskiej Miko\u0142owa mo\u017ce by\u0107 osoba zamieszka\u0142a w Miko\u0142owie w wieku od 12 do 20 lat.<\/li><\/ul>\n\n\n\n<ul class=\"wp-block-list\"><li>Kandydat na radnego M\u0142odzie\u017cowej Rady Miejskiej zobowi\u0105zany jest do zg\u0142oszenia kandydatury do\u0142\u0105czy\u0107 rekomendacj\u0119 o swojej dzia\u0142alno\u015bci spo\u0142ecznej.<\/li><\/ul>\n\n\n\n<ul class=\"wp-block-list\"><li>Rekomendacja mo\u017ce zosta\u0107 wystawiona przez pracownika pedagogicznego dowolnej plac\u00f3wki o\u015bwiatowej lub organizacji spo\u0142ecznej.<\/li><li>FORMULARZ ZG\u0141OSZENIOWY ZNAJDUJE SI\u0118 W ZA\u0141\u0104CZNIKU PONI\u017bEJ!<\/li><\/ul>\n\n\n\n<p>Kalendarz wyborczy:<\/p>\n\n\n\n<p><img loading=\"lazy\" decoding=\"async\" height=\"16\" width=\"16\" alt=\"??\" src=\"https:\/\/static.xx.fbcdn.net\/images\/emoji.php\/v9\/td3\/1.5\/16\/25aa.png\"> 3 ? 15 listopada 2022 roku<\/p>\n\n\n\n<p>Zg\u0142aszanie kandydat\u00f3w na M\u0142odzie\u017cowych Radnych Miejskich.<\/p>\n\n\n\n<p><img loading=\"lazy\" decoding=\"async\" height=\"16\" width=\"16\" alt=\"??\" src=\"https:\/\/static.xx.fbcdn.net\/images\/emoji.php\/v9\/td3\/1.5\/16\/25aa.png\"> 16 listopada 2022 roku<\/p>\n\n\n\n<p>Og\u0142oszenie listy kandydat\u00f3w na M\u0142odzie\u017cowych Radnych Miejskich.<\/p>\n\n\n\n<p><img loading=\"lazy\" decoding=\"async\" height=\"16\" width=\"16\" alt=\"??\" src=\"https:\/\/static.xx.fbcdn.net\/images\/emoji.php\/v9\/td3\/1.5\/16\/25aa.png\"> 17 &#8211; 24 listopada 2022 roku<\/p>\n\n\n\n<p>Kampania wyborcza dla kandydat\u00f3w.<\/p>\n\n\n\n<p><img loading=\"lazy\" decoding=\"async\" height=\"16\" width=\"16\" alt=\"??\" src=\"https:\/\/static.xx.fbcdn.net\/images\/emoji.php\/v9\/td3\/1.5\/16\/25aa.png\"> 25 listopada 2022 roku<\/p>\n\n\n\n<p>Sk\u0105d mo\u017cna by\u0107 wybranym i gdzie b\u0119dzie mo\u017cna g\u0142osowa\u0107?<\/p>\n\n\n\n<p>Wykaz okr\u0119g\u00f3w wyborczych i liczba Radnych wybieranych w poszczeg\u00f3lnych okr\u0119gach wyborczych:<\/p>\n\n\n\n<p><img loading=\"lazy\" decoding=\"async\" height=\"16\" width=\"16\" alt=\"??\" src=\"https:\/\/static.xx.fbcdn.net\/images\/emoji.php\/v9\/td3\/1.5\/16\/25aa.png\"> Szko\u0142a Podstawowa nr 1 w Miko\u0142owie im. Powsta\u0144c\u00f3w \u015al\u0105skich 1 mandat<\/p>\n\n\n\n<p><img loading=\"lazy\" decoding=\"async\" height=\"16\" width=\"16\" alt=\"??\" src=\"https:\/\/static.xx.fbcdn.net\/images\/emoji.php\/v9\/td3\/1.5\/16\/25aa.png\"> Szko\u0142a Podstawowa nr 3 z Oddzia\u0142ami Integracyjnymi w Miko\u0142owie im. Polskich Olimpijczyk\u00f3w 1 mandat<\/p>\n\n\n\n<p><img loading=\"lazy\" decoding=\"async\" height=\"16\" width=\"16\" alt=\"??\" src=\"https:\/\/static.xx.fbcdn.net\/images\/emoji.php\/v9\/td3\/1.5\/16\/25aa.png\">Szko\u0142a Podstawowa nr 4 im. Marii Konopnickiej w Miko\u0142owie 1 mandat<\/p>\n\n\n\n<p><img loading=\"lazy\" decoding=\"async\" height=\"16\" width=\"16\" alt=\"??\" src=\"https:\/\/static.xx.fbcdn.net\/images\/emoji.php\/v9\/td3\/1.5\/16\/25aa.png\"> Szko\u0142a Podstawowa nr 5 im. Gustawa Morcinka w Miko\u0142owie. Gustawa Morcinka 1 mandat<\/p>\n\n\n\n<p><img loading=\"lazy\" decoding=\"async\" height=\"16\" width=\"16\" alt=\"??\" src=\"https:\/\/static.xx.fbcdn.net\/images\/emoji.php\/v9\/td3\/1.5\/16\/25aa.png\"> Szko\u0142a Podstawowa nr 6 im. Jana Paw\u0142a II 1 mandat<\/p>\n\n\n\n<p><img loading=\"lazy\" decoding=\"async\" height=\"16\" width=\"16\" alt=\"??\" src=\"https:\/\/static.xx.fbcdn.net\/images\/emoji.php\/v9\/td3\/1.5\/16\/25aa.png\"> Szko\u0142a Podstawowa nr 7 im. Kornela Makuszy\u0144skiego 1 mandat<\/p>\n\n\n\n<p><img loading=\"lazy\" decoding=\"async\" height=\"16\" width=\"16\" alt=\"??\" src=\"https:\/\/static.xx.fbcdn.net\/images\/emoji.php\/v9\/td3\/1.5\/16\/25aa.png\"> Szko\u0142a Podstawowa nr 8 im. Wojciecha Korfantego w Miko\u0142owie 1 mandat<\/p>\n\n\n\n<p><img loading=\"lazy\" decoding=\"async\" height=\"16\" width=\"16\" alt=\"??\" src=\"https:\/\/static.xx.fbcdn.net\/images\/emoji.php\/v9\/td3\/1.5\/16\/25aa.png\"> Szko\u0142a Podstawowa nr 10 im. Jerzego Kukuczki w Miko\u0142owie 1 mandat<\/p>\n\n\n\n<p><img loading=\"lazy\" decoding=\"async\" height=\"16\" width=\"16\" alt=\"??\" src=\"https:\/\/static.xx.fbcdn.net\/images\/emoji.php\/v9\/td3\/1.5\/16\/25aa.png\"> Szko\u0142a Podstawowa nr 12 w Miko\u0142owie im. J\u00f3zefa Janika 1 mandat<\/p>\n\n\n\n<p><img loading=\"lazy\" decoding=\"async\" height=\"16\" width=\"16\" alt=\"??\" src=\"https:\/\/static.xx.fbcdn.net\/images\/emoji.php\/v9\/td3\/1.5\/16\/25aa.png\"> Prywatna Szko\u0142a Podstawowa z Oddzia\u0142ami Dwuj\u0119zycznymi DUAL w Miko\u0142owie im. Ojca F. Jordana 1 mandat<\/p>\n\n\n\n<p><img loading=\"lazy\" decoding=\"async\" height=\"16\" width=\"16\" alt=\"??\" src=\"https:\/\/static.xx.fbcdn.net\/images\/emoji.php\/v9\/td3\/1.5\/16\/25aa.png\"> I Liceum Og\u00f3lnokszta\u0142c\u0105ce im. K. Miarki w Miko\u0142owie 3 mandaty<\/p>\n\n\n\n<p><img loading=\"lazy\" decoding=\"async\" height=\"16\" width=\"16\" alt=\"??\" src=\"https:\/\/static.xx.fbcdn.net\/images\/emoji.php\/v9\/td3\/1.5\/16\/25aa.png\"> II Liceum Og\u00f3lnokszta\u0142c\u0105ce im. rotmistrza Witolda Pileckiego w Miko\u0142owie 3 mandaty<\/p>\n\n\n\n<p><img loading=\"lazy\" decoding=\"async\" height=\"16\" width=\"16\" alt=\"??\" src=\"https:\/\/static.xx.fbcdn.net\/images\/emoji.php\/v9\/td3\/1.5\/16\/25aa.png\"> Zesp\u00f3\u0142 Szk\u00f3\u0142 Technicznych w Miko\u0142owie 3 mandaty<\/p>\n\n\n\n<p><img loading=\"lazy\" decoding=\"async\" height=\"16\" width=\"16\" alt=\"??\" src=\"https:\/\/static.xx.fbcdn.net\/images\/emoji.php\/v9\/td3\/1.5\/16\/25aa.png\"> Miejska Biblioteka Publiczna w Miko\u0142owie 2 mandaty ( g\u0142osuj\u0105 i kandyduj\u0105 osoby zamieszka\u0142e w Miko\u0142owie a ucz\u0119szczaj\u0105ce do szk\u00f3\u0142 poza naszym miastem ).<\/p>\n\n\n\n<p>Kto b\u0119dzie g\u0142osowa\u0107?<\/p>\n\n\n\n<p>Uprawnionymi do g\u0142osowania s\u0105 mieszka\u0144cy Miasta Miko\u0142owa w wieku od 12 do 20 roku \u017cycia, przynale\u017c\u0105cy do danych okr\u0119g\u00f3w wyborczych, czyli b\u0119d\u0105cy uczniami danej szko\u0142y, a w przypadku g\u0142osowania w okr\u0119gu Miejskiej Biblioteki Publicznej w Miko\u0142owie b\u0119d\u0105cy uczniami szk\u00f3\u0142 po\u0142o\u017conych poza granicami Miko\u0142owa lub niepobieraj\u0105cymi nauki. G\u0142osowa\u0107 mo\u017cna jedynie osobi\u015bcie.<\/p>\n\n\n\n<p>W przypadku pyta\u0144 prosimy o kontakt: szymon.witczak@mikolow.eu<\/p>\n","protected":false},"excerpt":{"rendered":"<p>WYBORY ODB\u0118D\u0104 SI\u0118 25 listopada 2022 roku! Kto mo\u017ce kandydowa\u0107? Kandydatem na radnego do M\u0142odzie\u017cowej Rady Miejskiej Miko\u0142owa mo\u017ce by\u0107 osoba zamieszka\u0142a w Miko\u0142owie w wieku od 12 do 20 lat. Kandydat na radnego M\u0142odzie\u017cowej Rady Miejskiej zobowi\u0105zany jest do zg\u0142oszenia kandydatury do\u0142\u0105czy\u0107 rekomendacj\u0119 o swojej dzia\u0142alno\u015bci spo\u0142ecznej. Rekomendacja mo\u017ce zosta\u0107 wystawiona przez pracownika pedagogicznego<\/p>\n","protected":false},"author":8,"featured_media":107,"comment_status":"open","ping_status":"open","sticky":true,"template":"","format":"standard","meta":{"_acf_changed":false,"footnotes":""},"categories":[1],"tags":[],"class_list":["post-106","post","type-post","status-publish","format-standard","has-post-thumbnail","hentry","category-bez-kategorii"],"acf":[],"yoast_head":"<!-- This site is optimized with the Yoast SEO plugin v27.5 - https:\/\/yoast.com\/product\/yoast-seo-wordpress\/ -->\n<title>WYBORY 2022 - najwa\u017cniejsze informacje - M\u0142odzie\u017cowa Rada Miejska<\/title>\n<meta name=\"robots\" content=\"index, follow, max-snippet:-1, max-image-preview:large, max-video-preview:-1\" \/>\n<link rel=\"canonical\" href=\"https:\/\/mikolow.eu\/mlodziezowaradamiejska\/wybory-2022-najwazniejsze-informacje\/\" \/>\n<meta property=\"og:locale\" content=\"pl_PL\" \/>\n<meta property=\"og:type\" content=\"article\" \/>\n<meta property=\"og:title\" content=\"WYBORY 2022 - najwa\u017cniejsze informacje - M\u0142odzie\u017cowa Rada Miejska\" \/>\n<meta property=\"og:description\" content=\"WYBORY ODB\u0118D\u0104 SI\u0118 25 listopada 2022 roku! Kto mo\u017ce kandydowa\u0107? Kandydatem na radnego do M\u0142odzie\u017cowej Rady Miejskiej Miko\u0142owa mo\u017ce by\u0107 osoba zamieszka\u0142a w Miko\u0142owie w wieku od 12 do 20 lat. Kandydat na radnego M\u0142odzie\u017cowej Rady Miejskiej zobowi\u0105zany jest do zg\u0142oszenia kandydatury do\u0142\u0105czy\u0107 rekomendacj\u0119 o swojej dzia\u0142alno\u015bci spo\u0142ecznej. Rekomendacja mo\u017ce zosta\u0107 wystawiona przez pracownika pedagogicznego\" \/>\n<meta property=\"og:url\" content=\"https:\/\/mikolow.eu\/mlodziezowaradamiejska\/wybory-2022-najwazniejsze-informacje\/\" \/>\n<meta property=\"og:site_name\" content=\"M\u0142odzie\u017cowa Rada Miejska\" \/>\n<meta property=\"article:published_time\" content=\"2022-11-06T13:49:16+00:00\" \/>\n<meta property=\"article:modified_time\" content=\"2022-11-06T13:49:20+00:00\" \/>\n<meta property=\"og:image\" content=\"http:\/\/mikolow.eu\/mlodziezowaradamiejska\/wp-content\/uploads\/sites\/10\/2022\/11\/Kopia-plakat-wybory.png\" \/>\n\t<meta property=\"og:image:width\" content=\"1640\" \/>\n\t<meta property=\"og:image:height\" content=\"924\" \/>\n\t<meta property=\"og:image:type\" content=\"image\/png\" \/>\n<meta name=\"author\" content=\"switczak\" \/>\n<meta name=\"twitter:card\" content=\"summary_large_image\" \/>\n<meta name=\"twitter:label1\" content=\"Napisane przez\" \/>\n\t<meta name=\"twitter:data1\" content=\"switczak\" \/>\n\t<meta name=\"twitter:label2\" content=\"Szacowany czas czytania\" \/>\n\t<meta name=\"twitter:data2\" content=\"6 minut\" \/>\n<script type=\"application\/ld+json\" class=\"yoast-schema-graph\">{\"@context\":\"https:\\\/\\\/schema.org\",\"@graph\":[{\"@type\":\"Article\",\"@id\":\"https:\\\/\\\/mikolow.eu\\\/mlodziezowaradamiejska\\\/wybory-2022-najwazniejsze-informacje\\\/#article\",\"isPartOf\":{\"@id\":\"https:\\\/\\\/mikolow.eu\\\/mlodziezowaradamiejska\\\/wybory-2022-najwazniejsze-informacje\\\/\"},\"author\":{\"name\":\"switczak\",\"@id\":\"https:\\\/\\\/mikolow.eu\\\/mlodziezowaradamiejska\\\/#\\\/schema\\\/person\\\/97ecb9f942abc30562e7a17c8692ee1d\"},\"headline\":\"WYBORY 2022 &#8211; najwa\u017cniejsze informacje\",\"datePublished\":\"2022-11-06T13:49:16+00:00\",\"dateModified\":\"2022-11-06T13:49:20+00:00\",\"mainEntityOfPage\":{\"@id\":\"https:\\\/\\\/mikolow.eu\\\/mlodziezowaradamiejska\\\/wybory-2022-najwazniejsze-informacje\\\/\"},\"wordCount\":427,\"commentCount\":0,\"image\":{\"@id\":\"https:\\\/\\\/mikolow.eu\\\/mlodziezowaradamiejska\\\/wybory-2022-najwazniejsze-informacje\\\/#primaryimage\"},\"thumbnailUrl\":\"https:\\\/\\\/mikolow.eu\\\/mlodziezowaradamiejska\\\/wp-content\\\/uploads\\\/sites\\\/10\\\/2022\\\/11\\\/Kopia-plakat-wybory.png\",\"articleSection\":[\"Wa\u017cne\"],\"inLanguage\":\"pl-PL\",\"potentialAction\":[{\"@type\":\"CommentAction\",\"name\":\"Comment\",\"target\":[\"https:\\\/\\\/mikolow.eu\\\/mlodziezowaradamiejska\\\/wybory-2022-najwazniejsze-informacje\\\/#respond\"]}]},{\"@type\":\"WebPage\",\"@id\":\"https:\\\/\\\/mikolow.eu\\\/mlodziezowaradamiejska\\\/wybory-2022-najwazniejsze-informacje\\\/\",\"url\":\"https:\\\/\\\/mikolow.eu\\\/mlodziezowaradamiejska\\\/wybory-2022-najwazniejsze-informacje\\\/\",\"name\":\"WYBORY 2022 - najwa\u017cniejsze informacje - M\u0142odzie\u017cowa Rada Miejska\",\"isPartOf\":{\"@id\":\"https:\\\/\\\/mikolow.eu\\\/mlodziezowaradamiejska\\\/#website\"},\"primaryImageOfPage\":{\"@id\":\"https:\\\/\\\/mikolow.eu\\\/mlodziezowaradamiejska\\\/wybory-2022-najwazniejsze-informacje\\\/#primaryimage\"},\"image\":{\"@id\":\"https:\\\/\\\/mikolow.eu\\\/mlodziezowaradamiejska\\\/wybory-2022-najwazniejsze-informacje\\\/#primaryimage\"},\"thumbnailUrl\":\"https:\\\/\\\/mikolow.eu\\\/mlodziezowaradamiejska\\\/wp-content\\\/uploads\\\/sites\\\/10\\\/2022\\\/11\\\/Kopia-plakat-wybory.png\",\"datePublished\":\"2022-11-06T13:49:16+00:00\",\"dateModified\":\"2022-11-06T13:49:20+00:00\",\"author\":{\"@id\":\"https:\\\/\\\/mikolow.eu\\\/mlodziezowaradamiejska\\\/#\\\/schema\\\/person\\\/97ecb9f942abc30562e7a17c8692ee1d\"},\"breadcrumb\":{\"@id\":\"https:\\\/\\\/mikolow.eu\\\/mlodziezowaradamiejska\\\/wybory-2022-najwazniejsze-informacje\\\/#breadcrumb\"},\"inLanguage\":\"pl-PL\",\"potentialAction\":[{\"@type\":\"ReadAction\",\"target\":[\"https:\\\/\\\/mikolow.eu\\\/mlodziezowaradamiejska\\\/wybory-2022-najwazniejsze-informacje\\\/\"]}]},{\"@type\":\"ImageObject\",\"inLanguage\":\"pl-PL\",\"@id\":\"https:\\\/\\\/mikolow.eu\\\/mlodziezowaradamiejska\\\/wybory-2022-najwazniejsze-informacje\\\/#primaryimage\",\"url\":\"https:\\\/\\\/mikolow.eu\\\/mlodziezowaradamiejska\\\/wp-content\\\/uploads\\\/sites\\\/10\\\/2022\\\/11\\\/Kopia-plakat-wybory.png\",\"contentUrl\":\"https:\\\/\\\/mikolow.eu\\\/mlodziezowaradamiejska\\\/wp-content\\\/uploads\\\/sites\\\/10\\\/2022\\\/11\\\/Kopia-plakat-wybory.png\",\"width\":1640,\"height\":924},{\"@type\":\"BreadcrumbList\",\"@id\":\"https:\\\/\\\/mikolow.eu\\\/mlodziezowaradamiejska\\\/wybory-2022-najwazniejsze-informacje\\\/#breadcrumb\",\"itemListElement\":[{\"@type\":\"ListItem\",\"position\":1,\"name\":\"Home\",\"item\":\"https:\\\/\\\/mikolow.eu\\\/mlodziezowaradamiejska\\\/\"},{\"@type\":\"ListItem\",\"position\":2,\"name\":\"WYBORY 2022 &#8211; najwa\u017cniejsze informacje\"}]},{\"@type\":\"WebSite\",\"@id\":\"https:\\\/\\\/mikolow.eu\\\/mlodziezowaradamiejska\\\/#website\",\"url\":\"https:\\\/\\\/mikolow.eu\\\/mlodziezowaradamiejska\\\/\",\"name\":\"M\u0142odzie\u017cowa Rada Miejska\",\"description\":\"M\u0142odzie\u017cowa Rada Miejska\",\"potentialAction\":[{\"@type\":\"SearchAction\",\"target\":{\"@type\":\"EntryPoint\",\"urlTemplate\":\"https:\\\/\\\/mikolow.eu\\\/mlodziezowaradamiejska\\\/?s={search_term_string}\"},\"query-input\":{\"@type\":\"PropertyValueSpecification\",\"valueRequired\":true,\"valueName\":\"search_term_string\"}}],\"inLanguage\":\"pl-PL\"},{\"@type\":\"Person\",\"@id\":\"https:\\\/\\\/mikolow.eu\\\/mlodziezowaradamiejska\\\/#\\\/schema\\\/person\\\/97ecb9f942abc30562e7a17c8692ee1d\",\"name\":\"switczak\",\"image\":{\"@type\":\"ImageObject\",\"inLanguage\":\"pl-PL\",\"@id\":\"https:\\\/\\\/secure.gravatar.com\\\/avatar\\\/a6a970d11758271476b002c8b6b3e3eb741372e51bbf724b7327f9eec6e2e35c?s=96&d=mm&r=g\",\"url\":\"https:\\\/\\\/secure.gravatar.com\\\/avatar\\\/a6a970d11758271476b002c8b6b3e3eb741372e51bbf724b7327f9eec6e2e35c?s=96&d=mm&r=g\",\"contentUrl\":\"https:\\\/\\\/secure.gravatar.com\\\/avatar\\\/a6a970d11758271476b002c8b6b3e3eb741372e51bbf724b7327f9eec6e2e35c?s=96&d=mm&r=g\",\"caption\":\"switczak\"},\"url\":\"https:\\\/\\\/mikolow.eu\\\/mlodziezowaradamiejska\\\/author\\\/switczak\\\/\"}]}<\/script>\n<!-- \/ Yoast SEO plugin. -->","yoast_head_json":{"title":"WYBORY 2022 - najwa\u017cniejsze informacje - M\u0142odzie\u017cowa Rada Miejska","robots":{"index":"index","follow":"follow","max-snippet":"max-snippet:-1","max-image-preview":"max-image-preview:large","max-video-preview":"max-video-preview:-1"},"canonical":"https:\/\/mikolow.eu\/mlodziezowaradamiejska\/wybory-2022-najwazniejsze-informacje\/","og_locale":"pl_PL","og_type":"article","og_title":"WYBORY 2022 - najwa\u017cniejsze informacje - M\u0142odzie\u017cowa Rada Miejska","og_description":"WYBORY ODB\u0118D\u0104 SI\u0118 25 listopada 2022 roku! Kto mo\u017ce kandydowa\u0107? Kandydatem na radnego do M\u0142odzie\u017cowej Rady Miejskiej Miko\u0142owa mo\u017ce by\u0107 osoba zamieszka\u0142a w Miko\u0142owie w wieku od 12 do 20 lat. Kandydat na radnego M\u0142odzie\u017cowej Rady Miejskiej zobowi\u0105zany jest do zg\u0142oszenia kandydatury do\u0142\u0105czy\u0107 rekomendacj\u0119 o swojej dzia\u0142alno\u015bci spo\u0142ecznej. Rekomendacja mo\u017ce zosta\u0107 wystawiona przez pracownika pedagogicznego","og_url":"https:\/\/mikolow.eu\/mlodziezowaradamiejska\/wybory-2022-najwazniejsze-informacje\/","og_site_name":"M\u0142odzie\u017cowa Rada Miejska","article_published_time":"2022-11-06T13:49:16+00:00","article_modified_time":"2022-11-06T13:49:20+00:00","og_image":[{"width":1640,"height":924,"url":"http:\/\/mikolow.eu\/mlodziezowaradamiejska\/wp-content\/uploads\/sites\/10\/2022\/11\/Kopia-plakat-wybory.png","type":"image\/png"}],"author":"switczak","twitter_card":"summary_large_image","twitter_misc":{"Napisane przez":"switczak","Szacowany czas czytania":"6 minut"},"schema":{"@context":"https:\/\/schema.org","@graph":[{"@type":"Article","@id":"https:\/\/mikolow.eu\/mlodziezowaradamiejska\/wybory-2022-najwazniejsze-informacje\/#article","isPartOf":{"@id":"https:\/\/mikolow.eu\/mlodziezowaradamiejska\/wybory-2022-najwazniejsze-informacje\/"},"author":{"name":"switczak","@id":"https:\/\/mikolow.eu\/mlodziezowaradamiejska\/#\/schema\/person\/97ecb9f942abc30562e7a17c8692ee1d"},"headline":"WYBORY 2022 &#8211; najwa\u017cniejsze informacje","datePublished":"2022-11-06T13:49:16+00:00","dateModified":"2022-11-06T13:49:20+00:00","mainEntityOfPage":{"@id":"https:\/\/mikolow.eu\/mlodziezowaradamiejska\/wybory-2022-najwazniejsze-informacje\/"},"wordCount":427,"commentCount":0,"image":{"@id":"https:\/\/mikolow.eu\/mlodziezowaradamiejska\/wybory-2022-najwazniejsze-informacje\/#primaryimage"},"thumbnailUrl":"https:\/\/mikolow.eu\/mlodziezowaradamiejska\/wp-content\/uploads\/sites\/10\/2022\/11\/Kopia-plakat-wybory.png","articleSection":["Wa\u017cne"],"inLanguage":"pl-PL","potentialAction":[{"@type":"CommentAction","name":"Comment","target":["https:\/\/mikolow.eu\/mlodziezowaradamiejska\/wybory-2022-najwazniejsze-informacje\/#respond"]}]},{"@type":"WebPage","@id":"https:\/\/mikolow.eu\/mlodziezowaradamiejska\/wybory-2022-najwazniejsze-informacje\/","url":"https:\/\/mikolow.eu\/mlodziezowaradamiejska\/wybory-2022-najwazniejsze-informacje\/","name":"WYBORY 2022 - najwa\u017cniejsze informacje - M\u0142odzie\u017cowa Rada Miejska","isPartOf":{"@id":"https:\/\/mikolow.eu\/mlodziezowaradamiejska\/#website"},"primaryImageOfPage":{"@id":"https:\/\/mikolow.eu\/mlodziezowaradamiejska\/wybory-2022-najwazniejsze-informacje\/#primaryimage"},"image":{"@id":"https:\/\/mikolow.eu\/mlodziezowaradamiejska\/wybory-2022-najwazniejsze-informacje\/#primaryimage"},"thumbnailUrl":"https:\/\/mikolow.eu\/mlodziezowaradamiejska\/wp-content\/uploads\/sites\/10\/2022\/11\/Kopia-plakat-wybory.png","datePublished":"2022-11-06T13:49:16+00:00","dateModified":"2022-11-06T13:49:20+00:00","author":{"@id":"https:\/\/mikolow.eu\/mlodziezowaradamiejska\/#\/schema\/person\/97ecb9f942abc30562e7a17c8692ee1d"},"breadcrumb":{"@id":"https:\/\/mikolow.eu\/mlodziezowaradamiejska\/wybory-2022-najwazniejsze-informacje\/#breadcrumb"},"inLanguage":"pl-PL","potentialAction":[{"@type":"ReadAction","target":["https:\/\/mikolow.eu\/mlodziezowaradamiejska\/wybory-2022-najwazniejsze-informacje\/"]}]},{"@type":"ImageObject","inLanguage":"pl-PL","@id":"https:\/\/mikolow.eu\/mlodziezowaradamiejska\/wybory-2022-najwazniejsze-informacje\/#primaryimage","url":"https:\/\/mikolow.eu\/mlodziezowaradamiejska\/wp-content\/uploads\/sites\/10\/2022\/11\/Kopia-plakat-wybory.png","contentUrl":"https:\/\/mikolow.eu\/mlodziezowaradamiejska\/wp-content\/uploads\/sites\/10\/2022\/11\/Kopia-plakat-wybory.png","width":1640,"height":924},{"@type":"BreadcrumbList","@id":"https:\/\/mikolow.eu\/mlodziezowaradamiejska\/wybory-2022-najwazniejsze-informacje\/#breadcrumb","itemListElement":[{"@type":"ListItem","position":1,"name":"Home","item":"https:\/\/mikolow.eu\/mlodziezowaradamiejska\/"},{"@type":"ListItem","position":2,"name":"WYBORY 2022 &#8211; najwa\u017cniejsze informacje"}]},{"@type":"WebSite","@id":"https:\/\/mikolow.eu\/mlodziezowaradamiejska\/#website","url":"https:\/\/mikolow.eu\/mlodziezowaradamiejska\/","name":"M\u0142odzie\u017cowa Rada Miejska","description":"M\u0142odzie\u017cowa Rada Miejska","potentialAction":[{"@type":"SearchAction","target":{"@type":"EntryPoint","urlTemplate":"https:\/\/mikolow.eu\/mlodziezowaradamiejska\/?s={search_term_string}"},"query-input":{"@type":"PropertyValueSpecification","valueRequired":true,"valueName":"search_term_string"}}],"inLanguage":"pl-PL"},{"@type":"Person","@id":"https:\/\/mikolow.eu\/mlodziezowaradamiejska\/#\/schema\/person\/97ecb9f942abc30562e7a17c8692ee1d","name":"switczak","image":{"@type":"ImageObject","inLanguage":"pl-PL","@id":"https:\/\/secure.gravatar.com\/avatar\/a6a970d11758271476b002c8b6b3e3eb741372e51bbf724b7327f9eec6e2e35c?s=96&d=mm&r=g","url":"https:\/\/secure.gravatar.com\/avatar\/a6a970d11758271476b002c8b6b3e3eb741372e51bbf724b7327f9eec6e2e35c?s=96&d=mm&r=g","contentUrl":"https:\/\/secure.gravatar.com\/avatar\/a6a970d11758271476b002c8b6b3e3eb741372e51bbf724b7327f9eec6e2e35c?s=96&d=mm&r=g","caption":"switczak"},"url":"https:\/\/mikolow.eu\/mlodziezowaradamiejska\/author\/switczak\/"}]}},"_links":{"self":[{"href":"https:\/\/mikolow.eu\/mlodziezowaradamiejska\/wp-json\/wp\/v2\/posts\/106","targetHints":{"allow":["GET"]}}],"collection":[{"href":"https:\/\/mikolow.eu\/mlodziezowaradamiejska\/wp-json\/wp\/v2\/posts"}],"about":[{"href":"https:\/\/mikolow.eu\/mlodziezowaradamiejska\/wp-json\/wp\/v2\/types\/post"}],"author":[{"embeddable":true,"href":"https:\/\/mikolow.eu\/mlodziezowaradamiejska\/wp-json\/wp\/v2\/users\/8"}],"replies":[{"embeddable":true,"href":"https:\/\/mikolow.eu\/mlodziezowaradamiejska\/wp-json\/wp\/v2\/comments?post=106"}],"version-history":[{"count":1,"href":"https:\/\/mikolow.eu\/mlodziezowaradamiejska\/wp-json\/wp\/v2\/posts\/106\/revisions"}],"predecessor-version":[{"id":109,"href":"https:\/\/mikolow.eu\/mlodziezowaradamiejska\/wp-json\/wp\/v2\/posts\/106\/revisions\/109"}],"wp:featuredmedia":[{"embeddable":true,"href":"https:\/\/mikolow.eu\/mlodziezowaradamiejska\/wp-json\/wp\/v2\/media\/107"}],"wp:attachment":[{"href":"https:\/\/mikolow.eu\/mlodziezowaradamiejska\/wp-json\/wp\/v2\/media?parent=106"}],"wp:term":[{"taxonomy":"category","embeddable":true,"href":"https:\/\/mikolow.eu\/mlodziezowaradamiejska\/wp-json\/wp\/v2\/categories?post=106"},{"taxonomy":"post_tag","embeddable":true,"href":"https:\/\/mikolow.eu\/mlodziezowaradamiejska\/wp-json\/wp\/v2\/tags?post=106"}],"curies":[{"name":"wp","href":"https:\/\/api.w.org\/{rel}","templated":true}]}}